{"id":10814,"date":"2024-04-26T16:14:49","date_gmt":"2024-04-26T15:14:49","guid":{"rendered":"https:\/\/www.globaldata.pt\/blog\/?p=10814"},"modified":"2024-08-24T14:07:28","modified_gmt":"2024-08-24T13:07:28","slug":"novos-lg-gram-2024-potencia-maxima-e-leveza","status":"publish","type":"post","link":"https:\/\/www.globaldata.pt\/blog\/novos-lg-gram-2024-potencia-maxima-e-leveza\/","title":{"rendered":"Novos LG Gram 2024: pot\u00eancia m\u00e1xima e leveza"},"content":{"rendered":"\n<p>A nova s\u00e9rie de port\u00e1teis <strong>LG Gram<\/strong> <strong>2024<\/strong> foi apresentada pela primeira vez na CES 2024 e j\u00e1 est\u00e1 dispon\u00edvel em Portugal. Estes modelos combinam pot\u00eancia e leveza com o m\u00e1ximo desempenho do mercado, e oferecem especifica\u00e7\u00f5es de alta gama, designs finos e uma bateria de longa dura\u00e7\u00e3o.<\/p>\n\n\n\n<h2 class=\"wp-block-heading\">Leve, fino e pot\u00eancia m\u00e1xima<\/h2>\n\n\n\n<p>O lema da LG para esta s\u00e9rie \u00e9 &#8220;Leveza em movimento&#8221;, porque estes modelos se destacam por serem ainda mais leves e potentes, do que a gera\u00e7\u00e3o anterior. Gra\u00e7as ao seu design ultra-fino, s\u00e3o f\u00e1ceis de transportar e prometem uma resist\u00eancia de grau militar. Para al\u00e9m disso est\u00e3o equipados com os mais recentes processadores <strong>Intel Core Ultra 7<\/strong> ou <strong>Ultra 5<\/strong> e SSD NVMe PCIe 4.0.<\/p>\n\n\n\n<div class=\"wp-block-group is-nowrap is-layout-flex wp-container-core-group-is-layout-6c531013 wp-block-group-is-layout-flex\">\n<figure class=\"wp-block-image size-full\"><img decoding=\"async\" width=\"594\" height=\"594\" src=\"https:\/\/www.globaldata.pt\/blog\/wp-content\/uploads\/2024\/04\/image-1.png\" alt=\"\" class=\"wp-image-10819\" \/ loading=\"lazy\" srcset=\"https:\/\/www.globaldata.pt\/blog\/wp-content\/uploads\/2024\/04\/image-1.png 594w, https:\/\/www.globaldata.pt\/blog\/wp-content\/uploads\/2024\/04\/image-1-300x300.png 300w, https:\/\/www.globaldata.pt\/blog\/wp-content\/uploads\/2024\/04\/image-1-150x150.png 150w\" sizes=\"auto, (max-width: 594px) 100vw, 594px\" \/><\/figure>\n\n\n\n<div class=\"wp-block-group is-nowrap is-layout-flex wp-container-core-group-is-layout-6c531013 wp-block-group-is-layout-flex\">\n<figure class=\"wp-block-image size-full\"><img decoding=\"async\" width=\"594\" height=\"594\" src=\"https:\/\/www.globaldata.pt\/blog\/wp-content\/uploads\/2024\/04\/image-2.png\" alt=\"\" class=\"wp-image-10820\" \/ loading=\"lazy\" srcset=\"https:\/\/www.globaldata.pt\/blog\/wp-content\/uploads\/2024\/04\/image-2.png 594w, https:\/\/www.globaldata.pt\/blog\/wp-content\/uploads\/2024\/04\/image-2-300x300.png 300w, https:\/\/www.globaldata.pt\/blog\/wp-content\/uploads\/2024\/04\/image-2-150x150.png 150w\" sizes=\"auto, (max-width: 594px) 100vw, 594px\" \/><\/figure>\n<\/div>\n<\/div>\n\n\n\n<div class=\"wp-block-buttons is-layout-flex wp-block-buttons-is-layout-flex\">\n<div class=\"wp-block-button\"><a class=\"wp-block-button__link wp-element-button\" href=\"https:\/\/www.globaldata.pt\/portatil-lg-gram-15-15z90s-ultra7-155h-16gb-ddr5-512gb-w11h-pro-15z90s-gap55p\">Comprar Agora<\/a><\/div>\n<\/div>\n\n\n\n<p>Estes port\u00e1teis destacam-se pelo seu avan\u00e7ado sistema de refrigera\u00e7\u00e3o, que garante o seu correto funcionamento mesmo ao utilizar programas pesados como editores de v\u00eddeo. Uma unidade de processamento neuronal junta-se \u00e0 fun\u00e7\u00e3o <strong><a href=\"https:\/\/www.intel.com\/content\/www\/us\/en\/artificial-intelligence\/deep-learning-boost.html\">Intel AI Boost<\/a><\/strong>, o que permite gerir eficientemente cargas de trabalho de intelig\u00eancia artificial, mesmo sem liga\u00e7\u00e3o \u00e0 rede.<\/p>\n\n\n\n<h2 class=\"wp-block-heading\">Caracter\u00edsticas excepcionais<\/h2>\n\n\n\n<p>Por outro lado, a aplica\u00e7\u00e3o <strong>LG Gram Link<\/strong> \u00e9 uma ferramenta que melhora a compatibilidade e facilita a troca de ficheiros, fotos e duplica\u00e7\u00e3o de ecr\u00e3 entre dispositivos LG Gram ou at\u00e9 mesmo smartphones Android ou iOS. A qualidade do seu ecr\u00e3 tamb\u00e9m \u00e9 not\u00e1vel, proporcionando assim uma qualidade de imagem excelente. Esta s\u00e9rie inclui modelos com ecr\u00e3s de 14 a 17 polegadas e t\u00eam pain\u00e9is IPS premium que cobrem 99% do espectro de cor DCI-P3.<\/p>\n\n\n\n<div class=\"wp-block-group is-nowrap is-layout-flex wp-container-core-group-is-layout-6c531013 wp-block-group-is-layout-flex\">\n<div class=\"wp-block-group is-nowrap is-layout-flex wp-container-core-group-is-layout-6c531013 wp-block-group-is-layout-flex\">\n<figure class=\"wp-block-image size-full\"><img decoding=\"async\" width=\"594\" height=\"594\" src=\"https:\/\/www.globaldata.pt\/blog\/wp-content\/uploads\/2024\/04\/image-6.png\" alt=\"\" class=\"wp-image-10825\" \/ loading=\"lazy\" srcset=\"https:\/\/www.globaldata.pt\/blog\/wp-content\/uploads\/2024\/04\/image-6.png 594w, https:\/\/www.globaldata.pt\/blog\/wp-content\/uploads\/2024\/04\/image-6-300x300.png 300w, https:\/\/www.globaldata.pt\/blog\/wp-content\/uploads\/2024\/04\/image-6-150x150.png 150w\" sizes=\"auto, (max-width: 594px) 100vw, 594px\" \/><\/figure>\n<\/div>\n\n\n\n<figure class=\"wp-block-image size-full\"><img decoding=\"async\" width=\"594\" height=\"594\" src=\"https:\/\/www.globaldata.pt\/blog\/wp-content\/uploads\/2024\/04\/image-7.png\" alt=\"\" class=\"wp-image-10826\" \/ loading=\"lazy\" srcset=\"https:\/\/www.globaldata.pt\/blog\/wp-content\/uploads\/2024\/04\/image-7.png 594w, https:\/\/www.globaldata.pt\/blog\/wp-content\/uploads\/2024\/04\/image-7-300x300.png 300w, https:\/\/www.globaldata.pt\/blog\/wp-content\/uploads\/2024\/04\/image-7-150x150.png 150w\" sizes=\"auto, (max-width: 594px) 100vw, 594px\" \/><\/figure>\n<\/div>\n\n\n\n<div class=\"wp-block-buttons is-layout-flex wp-block-buttons-is-layout-flex\">\n<div class=\"wp-block-button\"><a class=\"wp-block-button__link wp-element-button\" href=\"https:\/\/www.globaldata.pt\/portatil-lg-gram-16-oled-16z90sp-ultra7-155h-32gb-ddr5-1tb-rtx-3050-w11h-16z90sp-aad78p\">Comprar Agora<\/a><\/div>\n<\/div>\n\n\n\n<p>Confortavelmente leves e ultra finos, os novos <strong>LG gram de 2024<\/strong> foram criados para um desempenho inovador. E podes agora encontr\u00e1-los na <a href=\"https:\/\/www.globaldata.pt\/deliciosamente-leves-conhece-os-novos-lg-gram\"><strong>Globaldata<\/strong><\/a>!<\/p>\n","protected":false},"excerpt":{"rendered":"<p>A nova s&eacute;rie de port&aacute;teis LG Gram 2024 foi apresentada pela primeira vez na CES 2024 e j&aacute; est&aacute; dispon&iacute;vel em Portugal. Estes modelos combinam pot&ecirc;ncia e leveza com o m&aacute;ximo desempenho do mercado, e oferecem especifica&ccedil;&otilde;es de alta gama, designs finos e uma bateria de longa dura&ccedil;&atilde;o. Leve, fino e pot&ecirc;ncia m&aacute;xima O lema [&hellip;]<\/p>\n","protected":false},"author":35,"featured_media":10822,"comment_status":"open","ping_status":"open","sticky":false,"template":"","format":"standard","meta":{"footnotes":""},"categories":[1451,1463,1847],"tags":[],"class_list":["post-10814","post","type-post","status-publish","format-standard","has-post-thumbnail","hentry","category-noticias","category-featured-big","category-tudo"],"yoast_head":"<!-- This site is optimized with the Yoast SEO plugin v27.4 - https:\/\/yoast.com\/product\/yoast-seo-wordpress\/ -->\n<title>Novos LG Gram 2024: pot\u00eancia m\u00e1xima e leveza - Globaldata Blog<\/title>\n<meta name=\"description\" content=\"A nova s\u00e9rie de port\u00e1teis LG Gram 2024 foi apresentada pela primeira vez na CES 2024 e j\u00e1 est\u00e1 dispon\u00edvel em Portugal. Estes modelos combinam pot\u00eancia e A nova s\u00e9rie de laptops LG Gram 2024 foi apresentada pela primeira vez na CES 2024 e j\u00e1 est\u00e1 dispon\u00edvel em Portugal\" \/>\n<meta name=\"robots\" content=\"index, follow, max-snippet:-1, max-image-preview:large, max-video-preview:-1\" \/>\n<link rel=\"canonical\" href=\"https:\/\/www.globaldata.pt\/blog\/novos-lg-gram-2024-potencia-maxima-e-leveza\/\" \/>\n<meta property=\"og:locale\" content=\"pt_PT\" \/>\n<meta property=\"og:type\" content=\"article\" \/>\n<meta property=\"og:title\" content=\"Novos LG Gram 2024: pot\u00eancia m\u00e1xima e leveza - Globaldata Blog\" \/>\n<meta property=\"og:description\" content=\"A nova s\u00e9rie de port\u00e1teis LG Gram 2024 foi apresentada pela primeira vez na CES 2024 e j\u00e1 est\u00e1 dispon\u00edvel em Portugal. Estes modelos combinam pot\u00eancia e A nova s\u00e9rie de laptops LG Gram 2024 foi apresentada pela primeira vez na CES 2024 e j\u00e1 est\u00e1 dispon\u00edvel em Portugal\" \/>\n<meta property=\"og:url\" content=\"https:\/\/www.globaldata.pt\/blog\/novos-lg-gram-2024-potencia-maxima-e-leveza\/\" \/>\n<meta property=\"og:site_name\" content=\"Globaldata Blog\" \/>\n<meta property=\"article:published_time\" content=\"2024-04-26T15:14:49+00:00\" \/>\n<meta property=\"article:modified_time\" content=\"2024-08-24T13:07:28+00:00\" \/>\n<meta property=\"og:image\" content=\"https:\/\/www.globaldata.pt\/blog\/wp-content\/uploads\/2024\/04\/image-3.png\" \/>\n\t<meta property=\"og:image:width\" content=\"1920\" \/>\n\t<meta property=\"og:image:height\" content=\"720\" \/>\n\t<meta property=\"og:image:type\" content=\"image\/png\" \/>\n<meta name=\"author\" content=\"Noelia Farias\" \/>\n<meta name=\"twitter:label1\" content=\"Escrito por\" \/>\n\t<meta name=\"twitter:data1\" content=\"Noelia Farias\" \/>\n\t<meta name=\"twitter:label2\" content=\"Tempo estimado de leitura\" \/>\n\t<meta name=\"twitter:data2\" content=\"3 minutos\" \/>\n<!-- \/ Yoast SEO plugin. -->","yoast_head_json":{"title":"Novos LG Gram 2024: pot\u00eancia m\u00e1xima e leveza - Globaldata Blog","description":"A nova s\u00e9rie de port\u00e1teis LG Gram 2024 foi apresentada pela primeira vez na CES 2024 e j\u00e1 est\u00e1 dispon\u00edvel em Portugal. Estes modelos combinam pot\u00eancia e A nova s\u00e9rie de laptops LG Gram 2024 foi apresentada pela primeira vez na CES 2024 e j\u00e1 est\u00e1 dispon\u00edvel em Portugal","robots":{"index":"index","follow":"follow","max-snippet":"max-snippet:-1","max-image-preview":"max-image-preview:large","max-video-preview":"max-video-preview:-1"},"canonical":"https:\/\/www.globaldata.pt\/blog\/novos-lg-gram-2024-potencia-maxima-e-leveza\/","og_locale":"pt_PT","og_type":"article","og_title":"Novos LG Gram 2024: pot\u00eancia m\u00e1xima e leveza - Globaldata Blog","og_description":"A nova s\u00e9rie de port\u00e1teis LG Gram 2024 foi apresentada pela primeira vez na CES 2024 e j\u00e1 est\u00e1 dispon\u00edvel em Portugal. Estes modelos combinam pot\u00eancia e A nova s\u00e9rie de laptops LG Gram 2024 foi apresentada pela primeira vez na CES 2024 e j\u00e1 est\u00e1 dispon\u00edvel em Portugal","og_url":"https:\/\/www.globaldata.pt\/blog\/novos-lg-gram-2024-potencia-maxima-e-leveza\/","og_site_name":"Globaldata Blog","article_published_time":"2024-04-26T15:14:49+00:00","article_modified_time":"2024-08-24T13:07:28+00:00","og_image":[{"width":1920,"height":720,"url":"https:\/\/www.globaldata.pt\/blog\/wp-content\/uploads\/2024\/04\/image-3.png","type":"image\/png"}],"author":"Noelia Farias","twitter_misc":{"Escrito por":"Noelia Farias","Tempo estimado de leitura":"3 minutos"},"schema":{"@context":"https:\/\/schema.org","@graph":[{"@type":"Article","@id":"https:\/\/www.globaldata.pt\/blog\/novos-lg-gram-2024-potencia-maxima-e-leveza\/#article","isPartOf":{"@id":"https:\/\/www.globaldata.pt\/blog\/novos-lg-gram-2024-potencia-maxima-e-leveza\/"},"author":{"name":"Noelia Farias","@id":"https:\/\/www.globaldata.pt\/blog\/#\/schema\/person\/d524d834331331f8d851f505b8045244"},"headline":"Novos LG Gram 2024: pot\u00eancia m\u00e1xima e leveza","datePublished":"2024-04-26T15:14:49+00:00","dateModified":"2024-08-24T13:07:28+00:00","mainEntityOfPage":{"@id":"https:\/\/www.globaldata.pt\/blog\/novos-lg-gram-2024-potencia-maxima-e-leveza\/"},"wordCount":304,"commentCount":0,"publisher":{"@id":"https:\/\/www.globaldata.pt\/blog\/#organization"},"image":{"@id":"https:\/\/www.globaldata.pt\/blog\/novos-lg-gram-2024-potencia-maxima-e-leveza\/#primaryimage"},"thumbnailUrl":"https:\/\/www.globaldata.pt\/blog\/wp-content\/uploads\/2024\/04\/image-3.png","articleSection":["Not\u00edcias","Posts em destaque","Todos os Artigos"],"inLanguage":"pt-PT","potentialAction":[{"@type":"CommentAction","name":"Comment","target":["https:\/\/www.globaldata.pt\/blog\/novos-lg-gram-2024-potencia-maxima-e-leveza\/#respond"]}]},{"@type":"WebPage","@id":"https:\/\/www.globaldata.pt\/blog\/novos-lg-gram-2024-potencia-maxima-e-leveza\/","url":"https:\/\/www.globaldata.pt\/blog\/novos-lg-gram-2024-potencia-maxima-e-leveza\/","name":"Novos LG Gram 2024: pot\u00eancia m\u00e1xima e leveza - Globaldata Blog","isPartOf":{"@id":"https:\/\/www.globaldata.pt\/blog\/#website"},"primaryImageOfPage":{"@id":"https:\/\/www.globaldata.pt\/blog\/novos-lg-gram-2024-potencia-maxima-e-leveza\/#primaryimage"},"image":{"@id":"https:\/\/www.globaldata.pt\/blog\/novos-lg-gram-2024-potencia-maxima-e-leveza\/#primaryimage"},"thumbnailUrl":"https:\/\/www.globaldata.pt\/blog\/wp-content\/uploads\/2024\/04\/image-3.png","datePublished":"2024-04-26T15:14:49+00:00","dateModified":"2024-08-24T13:07:28+00:00","description":"A nova s\u00e9rie de port\u00e1teis LG Gram 2024 foi apresentada pela primeira vez na CES 2024 e j\u00e1 est\u00e1 dispon\u00edvel em Portugal. Estes modelos combinam pot\u00eancia e A nova s\u00e9rie de laptops LG Gram 2024 foi apresentada pela primeira vez na CES 2024 e j\u00e1 est\u00e1 dispon\u00edvel em Portugal","breadcrumb":{"@id":"https:\/\/www.globaldata.pt\/blog\/novos-lg-gram-2024-potencia-maxima-e-leveza\/#breadcrumb"},"inLanguage":"pt-PT","potentialAction":[{"@type":"ReadAction","target":["https:\/\/www.globaldata.pt\/blog\/novos-lg-gram-2024-potencia-maxima-e-leveza\/"]}]},{"@type":"ImageObject","inLanguage":"pt-PT","@id":"https:\/\/www.globaldata.pt\/blog\/novos-lg-gram-2024-potencia-maxima-e-leveza\/#primaryimage","url":"https:\/\/www.globaldata.pt\/blog\/wp-content\/uploads\/2024\/04\/image-3.png","contentUrl":"https:\/\/www.globaldata.pt\/blog\/wp-content\/uploads\/2024\/04\/image-3.png","width":1920,"height":720},{"@type":"BreadcrumbList","@id":"https:\/\/www.globaldata.pt\/blog\/novos-lg-gram-2024-potencia-maxima-e-leveza\/#breadcrumb","itemListElement":[{"@type":"ListItem","position":1,"name":"P\u00e1gina inicial","item":"https:\/\/www.globaldata.pt\/blog\/"},{"@type":"ListItem","position":2,"name":"Not\u00edcias","item":"https:\/\/www.globaldata.pt\/blog\/category\/noticias\/"},{"@type":"ListItem","position":3,"name":"Novos LG Gram 2024: pot\u00eancia m\u00e1xima e leveza"}]},{"@type":"WebSite","@id":"https:\/\/www.globaldata.pt\/blog\/#website","url":"https:\/\/www.globaldata.pt\/blog\/","name":"Globaldata Blog","description":"\u2013 Inform\u00e1tica e Tecnologia \u2013 Blog de not\u00edcias, dicas e an\u00e1lises sobre inform\u00e1tica e tecnologia - hardware, mobile e gaming.","publisher":{"@id":"https:\/\/www.globaldata.pt\/blog\/#organization"},"potentialAction":[{"@type":"SearchAction","target":{"@type":"EntryPoint","urlTemplate":"https:\/\/www.globaldata.pt\/blog\/?s={search_term_string}"},"query-input":{"@type":"PropertyValueSpecification","valueRequired":true,"valueName":"search_term_string"}}],"inLanguage":"pt-PT"},{"@type":"Organization","@id":"https:\/\/www.globaldata.pt\/blog\/#organization","name":"Caseking GmbH","url":"https:\/\/www.globaldata.pt\/blog\/","logo":{"@type":"ImageObject","inLanguage":"pt-PT","@id":"https:\/\/www.globaldata.pt\/blog\/#\/schema\/logo\/image\/","url":"","contentUrl":"","caption":"Caseking GmbH"},"image":{"@id":"https:\/\/www.globaldata.pt\/blog\/#\/schema\/logo\/image\/"}},{"@type":"Person","@id":"https:\/\/www.globaldata.pt\/blog\/#\/schema\/person\/d524d834331331f8d851f505b8045244","name":"Noelia Farias","image":{"@type":"ImageObject","inLanguage":"pt-PT","@id":"https:\/\/secure.gravatar.com\/avatar\/6c54cc0e610c67f515f39486890f714396d6b2bb7392a9166968bd1ab15170ff?s=96&d=mm&r=g","url":"https:\/\/secure.gravatar.com\/avatar\/6c54cc0e610c67f515f39486890f714396d6b2bb7392a9166968bd1ab15170ff?s=96&d=mm&r=g","contentUrl":"https:\/\/secure.gravatar.com\/avatar\/6c54cc0e610c67f515f39486890f714396d6b2bb7392a9166968bd1ab15170ff?s=96&d=mm&r=g","caption":"Noelia Farias"},"sameAs":["http:\/\/www.globaldata.pt"],"url":"https:\/\/www.globaldata.pt\/blog\/author\/sbarreiros\/"}]}},"_links":{"self":[{"href":"https:\/\/www.globaldata.pt\/blog\/wp-json\/wp\/v2\/posts\/10814","targetHints":{"allow":["GET"]}}],"collection":[{"href":"https:\/\/www.globaldata.pt\/blog\/wp-json\/wp\/v2\/posts"}],"about":[{"href":"https:\/\/www.globaldata.pt\/blog\/wp-json\/wp\/v2\/types\/post"}],"author":[{"embeddable":true,"href":"https:\/\/www.globaldata.pt\/blog\/wp-json\/wp\/v2\/users\/35"}],"replies":[{"embeddable":true,"href":"https:\/\/www.globaldata.pt\/blog\/wp-json\/wp\/v2\/comments?post=10814"}],"version-history":[{"count":11,"href":"https:\/\/www.globaldata.pt\/blog\/wp-json\/wp\/v2\/posts\/10814\/revisions"}],"predecessor-version":[{"id":10836,"href":"https:\/\/www.globaldata.pt\/blog\/wp-json\/wp\/v2\/posts\/10814\/revisions\/10836"}],"wp:featuredmedia":[{"embeddable":true,"href":"https:\/\/www.globaldata.pt\/blog\/wp-json\/wp\/v2\/media\/10822"}],"wp:attachment":[{"href":"https:\/\/www.globaldata.pt\/blog\/wp-json\/wp\/v2\/media?parent=10814"}],"wp:term":[{"taxonomy":"category","embeddable":true,"href":"https:\/\/www.globaldata.pt\/blog\/wp-json\/wp\/v2\/categories?post=10814"},{"taxonomy":"post_tag","embeddable":true,"href":"https:\/\/www.globaldata.pt\/blog\/wp-json\/wp\/v2\/tags?post=10814"}],"curies":[{"name":"wp","href":"https:\/\/api.w.org\/{rel}","templated":true}]}}