{"id":11308,"date":"2024-08-08T14:30:00","date_gmt":"2024-08-08T13:30:00","guid":{"rendered":"https:\/\/www.globaldata.pt\/blog\/?p=11308"},"modified":"2024-08-24T14:07:28","modified_gmt":"2024-08-24T13:07:28","slug":"o-que-esperar-dos-novos-processadores-amd-ryzen-9000","status":"publish","type":"post","link":"https:\/\/www.globaldata.pt\/blog\/o-que-esperar-dos-novos-processadores-amd-ryzen-9000\/","title":{"rendered":"O que esperar dos novos processadores AMD Ryzen 9000?"},"content":{"rendered":"\n<p>A AMD planeava lan\u00e7ar os seus novos CPUs Ryzen 9000 a 31 de julho de 2024, mas devido a um problema de \u2018qualidade\u2019 n\u00e3o especificado, o lan\u00e7amento dos processadores foi adiado. Como resultado, os chips ser\u00e3o lan\u00e7ados em duas fases. Os processadores Ryzen 7 9700X e Ryzen 5 9600X ser\u00e3o lan\u00e7ados a 8 de Agosto, enquanto que os Ryzen 9 9950X e Ryzen 9 9900X at\u00e9 15 de Agosto.<\/p>\n\n\n\n<p>Mas o que esperar desta nova gera\u00e7\u00e3o? O que diferencia cada processador e qual a evolu\u00e7\u00e3o para os <a href=\"https:\/\/www.globaldata.pt\/blog\/processadores-amd-ryzen-7000-chega-este-mes\/\">AMD Ryzen 7000<\/a>?<\/p>\n\n\n\n<figure class=\"wp-block-image aligncenter size-large\"><img decoding=\"async\" width=\"1024\" height=\"572\" src=\"https:\/\/www.globaldata.pt\/blog\/wp-content\/uploads\/2024\/08\/image-74-1200x670-1-1024x572.webp\" alt=\"\" class=\"wp-image-11310\"\/ loading=\"lazy\" srcset=\"https:\/\/www.globaldata.pt\/blog\/wp-content\/uploads\/2024\/08\/image-74-1200x670-1-1024x572.webp 1024w, https:\/\/www.globaldata.pt\/blog\/wp-content\/uploads\/2024\/08\/image-74-1200x670-1-300x168.webp 300w, https:\/\/www.globaldata.pt\/blog\/wp-content\/uploads\/2024\/08\/image-74-1200x670-1-768x429.webp 768w, https:\/\/www.globaldata.pt\/blog\/wp-content\/uploads\/2024\/08\/image-74-1200x670-1.webp 1200w\" sizes=\"auto, (max-width: 1024px) 100vw, 1024px\" \/><figcaption class=\"wp-element-caption\">Imagem partilhada pela AMD durante o an\u00fancio oficial. Datas alteradas posteriormente.<\/figcaption><\/figure>\n\n\n\n<h2 class=\"wp-block-heading\">AMD Ryzen 9000 e Zen 5<\/h2>\n\n\n\n<p>A s\u00e9rie Ryzen 9000, destinada a melhorar o desempenho, inclui os processadores Ryzen 9 9950X, Ryzen 9 9900X, Ryzen 7 9700X e Ryzen 5 9600X. O chip topo de gama, o Ryzen 9 9950X, tem 16 n\u00facleos e 32 threads com velocidade at\u00e9 5.7 GHz, prometendo ganhos de efici\u00eancia e velocidade para tarefas de jogos e cria\u00e7\u00e3o de conte\u00fado. <\/p>\n\n\n\n<figure class=\"wp-block-table\"><table class=\"has-fixed-layout\"><thead><tr><th>Nome<\/th><th>Modelo da placa de v\u00eddeo<\/th><th>N\u00ba de n\u00facleos de CPU<\/th><th>N\u00ba de threads<\/th><th>Aumento de clock m\u00e1x.<a><\/a><\/th><th>Clock b\u00e1sico<a><\/a><\/th><th>Solu\u00e7\u00e3o T\u00e9rmica (PIB)<\/th><th>Contagem de n\u00facleos gr\u00e1ficos<\/th><th>TDP padr\u00e3o<\/th><\/tr><\/thead><tbody><tr><td><a href=\"https:\/\/www.amd.com\/pt\/products\/processors\/desktops\/ryzen\/9000-series\/amd-ryzen-9-9950x.html\">AMD Ryzen\u2122 9 9950X<\/a><\/td><td>AMD Radeon\u2122 Graphics<\/td><td>16<\/td><td>32<\/td><td>At\u00e9 5.7 GHz<\/td><td>4.3 GHz<\/td><td>N\u00e3o inclu\u00eddo<\/td><td>2<\/td><td>170W<\/td><\/tr><tr><td><a href=\"https:\/\/www.amd.com\/pt\/products\/processors\/desktops\/ryzen\/9000-series\/amd-ryzen-9-9900x.html\">AMD Ryzen\u2122 9 9900X<\/a><\/td><td>AMD Radeon\u2122 Graphics<\/td><td>12<\/td><td>24<\/td><td>At\u00e9 5.6 GHz<\/td><td>4.4 GHz<\/td><td>N\u00e3o inclu\u00eddo<\/td><td>2<\/td><td>120W<\/td><\/tr><tr><td><a href=\"https:\/\/www.amd.com\/pt\/products\/processors\/desktops\/ryzen\/9000-series\/amd-ryzen-7-9700x.html\">AMD Ryzen\u2122 7 9700X<\/a><\/td><td>AMD Radeon\u2122 Graphics<\/td><td>8<\/td><td>16<\/td><td>At\u00e9 5.5 GHz<\/td><td>3.8 GHz<\/td><td>N\u00e3o inclu\u00eddo<\/td><td>2<\/td><td>65W<\/td><\/tr><tr><td><a href=\"https:\/\/www.amd.com\/pt\/products\/processors\/desktops\/ryzen\/9000-series\/amd-ryzen-5-9600x.html\">AMD Ryzen\u2122 5 9600X<\/a><\/td><td>AMD Radeon\u2122 Graphics<\/td><td>6<\/td><td>12<\/td><td>At\u00e9 5.4 GHz<\/td><td>3.9 GHz<\/td><td>N\u00e3o inclu\u00eddo<\/td><td>2<\/td><td>65W<\/td><\/tr><\/tbody><\/table><figcaption class=\"wp-element-caption\">Compara\u00e7\u00e3o entre os processadores AMD Ryzen 9000. Fonte, site AMD.com<\/figcaption><\/figure>\n\n\n\n<p>Esta nova s\u00e9rie \u00e9 baseada na arquitetura <a href=\"https:\/\/www.globaldata.pt\/componentes\/processadores\/amd?arquitectura%5B0%5D=Zen+5\">Zen 5<\/a> da AMD, prometendo melhorias substanciais de desempenho em rela\u00e7\u00e3o aos seus antecessores. Entusiastas e jogadores podem esperar velocidades de clock aprimoradas, maior efici\u00eancia e um novo n\u00edvel de capacidade de resposta. Com esta nova arquitetura tamb\u00e9m podemos esperar o lan\u00e7amento de novas motherboards &#8211; mais \u00e0 frente partilhamos informa\u00e7\u00f5es sobre isso.<\/p>\n\n\n\n<h3 class=\"wp-block-heading\">Especifica\u00e7\u00f5es T\u00e9cnicas e Arquitetura<\/h3>\n\n\n\n<p>Os novos CPUs Ryzen 9000 trazem grandes atualiza\u00e7\u00f5es no design de n\u00facleo, mem\u00f3ria e utiliza\u00e7\u00e3o de energia. Essas mudan\u00e7as visam aumentar a velocidade e a efici\u00eancia para os utilizadores.<\/p>\n\n\n\n<h4 class=\"wp-block-heading\">Arquitetura de N\u00facleo e Melhorias no IPC<\/h4>\n\n\n\n<p>A arquitetura <a href=\"https:\/\/www.globaldata.pt\/componentes\/processadores\/amd?arquitectura%5B0%5D=Zen+5\">Zen 5<\/a> nos CPUs Ryzen 9000 oferece grandes ganhos em instru\u00e7\u00f5es por ciclo (IPC). Isso significa um processamento mais r\u00e1pido para tarefas como jogos e trabalho. A AMD garante um aumento de 10-15% no IPC em rela\u00e7\u00e3o \u00e0 \u00faltima arquitetura, <a href=\"https:\/\/www.globaldata.pt\/componentes\/processadores\/amd?arquitectura%5B0%5D=Zen+4\">Zen 4<\/a>. Os CPUs usam o processo de 4nm da TSMC, permitindo mais trans\u00edstores no mesmo espa\u00e7o. Mais trans\u00edstores ajudam a melhorar o desempenho e a efici\u00eancia. Os processadores Ryzen 9000 t\u00eam at\u00e9 16 n\u00facleos e 32 threads, ideal para cargas de trabalho pesadas e multitarefas &#8211; como a produ\u00e7\u00e3o gr\u00e1fica ou c\u00e1lculos cient\u00edficos.<\/p>\n\n\n\n<h4 class=\"wp-block-heading\">Melhorias na Mem\u00f3ria e Cache<\/h4>\n\n\n\n<p>Os CPUs Ryzen 9000 suportam <a href=\"https:\/\/www.globaldata.pt\/componentes\/memorias\/ddr5\/ddr5-5600-mhz\">mem\u00f3rias DDR5-5600<\/a> nativamente. Esta mem\u00f3ria RAM mais r\u00e1pida ajuda a acelerar tarefas intensivas no processamento de dados. A cache L2 foi duplicada em rela\u00e7\u00e3o \u00e0 <a href=\"https:\/\/www.globaldata.pt\/componentes\/processadores\/amd?arquitectura%5B0%5D=Zen+4\">Zen 4<\/a> e a cache L3 varia por modelo &#8211; 32MB nos Ryzen 5 e 7 e 64MB nos Ryzen 9. Mais cache significa um acesso mais r\u00e1pido aos dados usados com frequ\u00eancia. Essas atualiza\u00e7\u00f5es de mem\u00f3ria ajudam a reduzir bottlenecks, permitindo que o CPU trabalhe no seu pleno potencial com mais frequ\u00eancia.<\/p>\n\n\n\n<figure class=\"wp-block-image aligncenter size-large\"><img decoding=\"async\" width=\"1024\" height=\"574\" src=\"https:\/\/www.globaldata.pt\/blog\/wp-content\/uploads\/2024\/08\/image-73-1200x673-1-1024x574.webp\" alt=\"\" class=\"wp-image-11317\"\/ loading=\"lazy\" srcset=\"https:\/\/www.globaldata.pt\/blog\/wp-content\/uploads\/2024\/08\/image-73-1200x673-1-1024x574.webp 1024w, https:\/\/www.globaldata.pt\/blog\/wp-content\/uploads\/2024\/08\/image-73-1200x673-1-300x168.webp 300w, https:\/\/www.globaldata.pt\/blog\/wp-content\/uploads\/2024\/08\/image-73-1200x673-1-768x431.webp 768w, https:\/\/www.globaldata.pt\/blog\/wp-content\/uploads\/2024\/08\/image-73-1200x673-1.webp 1200w\" sizes=\"auto, (max-width: 1024px) 100vw, 1024px\" \/><figcaption class=\"wp-element-caption\">Imagem partilhada pela AMD durante o an\u00fancio oficial.<\/figcaption><\/figure>\n\n\n\n<h4 class=\"wp-block-heading\">Efici\u00eancia Energ\u00e9tica e TDP<\/h4>\n\n\n\n<p>Apesar dos ganhos de desempenho, os CPUs Ryzen 9000 visam uma melhor efici\u00eancia energ\u00e9tica. O processo de 4nm ajuda a reduzir o uso de energia e a permitir um aumento de velocidade. O TDP (Pot\u00eancia de Design T\u00e9rmico) varia de 65W para modelos de entrada a 170W para chips de topo de gama, mostrando um foco tanto no desempenho quanto na efici\u00eancia. O design melhorado permite uma melhor gest\u00e3o de calor, mantendo um alto desempenho sustentado, sem problemas de sobreaquecimento.<\/p>\n\n\n\n<div class=\"wp-block-group is-layout-constrained wp-block-group-is-layout-constrained\"><div class=\"crp_related   crp_related_block   \"><h3>Artigos relacionados:<\/h3><ul class=\"latest-artical\"><li class=\"news-block\"><a href=\"https:\/\/www.globaldata.pt\/blog\/ces-2026-o-que-esperar-da-lian-li-este-ano\/\"     class=\"crp_link post-18943\"><figure><img width=\"300\" height=\"169\" src=\"https:\/\/www.globaldata.pt\/blog\/wp-content\/uploads\/2026\/01\/Capa-copia-2-501x282.png\" class=\"crp_featured crp_thumb medium\" alt=\"Capa c\u00f3pia 2\" style=\"\" title=\"CES 2026: O que esperar da Lian Li este ano\" loading=\"lazy\" decoding=\"async\" srcset=\"https:\/\/www.globaldata.pt\/blog\/wp-content\/uploads\/2026\/01\/Capa-copia-2-501x282.png 501w, https:\/\/www.globaldata.pt\/blog\/wp-content\/uploads\/2026\/01\/Capa-copia-2-292x164.png 292w, https:\/\/www.globaldata.pt\/blog\/wp-content\/uploads\/2026\/01\/Capa-copia-2-632x355.png 632w, https:\/\/www.globaldata.pt\/blog\/wp-content\/uploads\/2026\/01\/Capa-copia-2-850x478.png 850w, https:\/\/www.globaldata.pt\/blog\/wp-content\/uploads\/2026\/01\/Capa-copia-2-400x225.png 400w\" sizes=\"auto, (max-width: 300px) 100vw, 300px\" srcset=\"https:\/\/www.globaldata.pt\/blog\/wp-content\/uploads\/2026\/01\/Capa-copia-2-501x282.png 501w, https:\/\/www.globaldata.pt\/blog\/wp-content\/uploads\/2026\/01\/Capa-copia-2-292x164.png 292w, https:\/\/www.globaldata.pt\/blog\/wp-content\/uploads\/2026\/01\/Capa-copia-2-632x355.png 632w, https:\/\/www.globaldata.pt\/blog\/wp-content\/uploads\/2026\/01\/Capa-copia-2-850x478.png 850w, https:\/\/www.globaldata.pt\/blog\/wp-content\/uploads\/2026\/01\/Capa-copia-2-400x225.png 400w\" \/><\/figure><span class=\"crp_title\">CES 2026: O que esperar da Lian Li este ano<\/span><\/a><span class=\"crp_date\"> Janeiro 8, 2026<\/span> <span class=\"crp_excerpt\"> Wireless e Est&eacute;tica Futurista no Centro das Aten&ccedil;&otilde;es. A Lian&hellip;<\/span><\/li><li class=\"news-block\"><a href=\"https:\/\/www.globaldata.pt\/blog\/samsung-unpacked-o-que-esperar-este-ano\/\"     class=\"crp_link post-19179\"><figure><img width=\"300\" height=\"169\" src=\"https:\/\/www.globaldata.pt\/blog\/wp-content\/uploads\/2026\/02\/BLOG-Capa-300x169.jpg\" class=\"crp_featured crp_thumb medium\" alt=\"BLOG - Capa\" style=\"\" title=\"Galaxy Unpacked: O que esperar da Samsung em 2026?\" loading=\"lazy\" decoding=\"async\" srcset=\"https:\/\/www.globaldata.pt\/blog\/wp-content\/uploads\/2026\/02\/BLOG-Capa-300x169.jpg 300w, https:\/\/www.globaldata.pt\/blog\/wp-content\/uploads\/2026\/02\/BLOG-Capa-501x282.jpg 501w, https:\/\/www.globaldata.pt\/blog\/wp-content\/uploads\/2026\/02\/BLOG-Capa-768x432.jpg 768w, https:\/\/www.globaldata.pt\/blog\/wp-content\/uploads\/2026\/02\/BLOG-Capa-1024x576.jpg 1024w, https:\/\/www.globaldata.pt\/blog\/wp-content\/uploads\/2026\/02\/BLOG-Capa-1536x865.jpg 1536w, https:\/\/www.globaldata.pt\/blog\/wp-content\/uploads\/2026\/02\/BLOG-Capa-292x164.jpg 292w, https:\/\/www.globaldata.pt\/blog\/wp-content\/uploads\/2026\/02\/BLOG-Capa-632x355.jpg 632w, https:\/\/www.globaldata.pt\/blog\/wp-content\/uploads\/2026\/02\/BLOG-Capa-850x478.jpg 850w, https:\/\/www.globaldata.pt\/blog\/wp-content\/uploads\/2026\/02\/BLOG-Capa-400x225.jpg 400w, https:\/\/www.globaldata.pt\/blog\/wp-content\/uploads\/2026\/02\/BLOG-Capa.jpg 1940w\" sizes=\"auto, (max-width: 300px) 100vw, 300px\" srcset=\"https:\/\/www.globaldata.pt\/blog\/wp-content\/uploads\/2026\/02\/BLOG-Capa-300x169.jpg 300w, https:\/\/www.globaldata.pt\/blog\/wp-content\/uploads\/2026\/02\/BLOG-Capa-501x282.jpg 501w, https:\/\/www.globaldata.pt\/blog\/wp-content\/uploads\/2026\/02\/BLOG-Capa-768x432.jpg 768w, https:\/\/www.globaldata.pt\/blog\/wp-content\/uploads\/2026\/02\/BLOG-Capa-1024x576.jpg 1024w, https:\/\/www.globaldata.pt\/blog\/wp-content\/uploads\/2026\/02\/BLOG-Capa-1536x865.jpg 1536w, https:\/\/www.globaldata.pt\/blog\/wp-content\/uploads\/2026\/02\/BLOG-Capa-292x164.jpg 292w, https:\/\/www.globaldata.pt\/blog\/wp-content\/uploads\/2026\/02\/BLOG-Capa-632x355.jpg 632w, https:\/\/www.globaldata.pt\/blog\/wp-content\/uploads\/2026\/02\/BLOG-Capa-850x478.jpg 850w, https:\/\/www.globaldata.pt\/blog\/wp-content\/uploads\/2026\/02\/BLOG-Capa-400x225.jpg 400w, https:\/\/www.globaldata.pt\/blog\/wp-content\/uploads\/2026\/02\/BLOG-Capa.jpg 1940w\" \/><\/figure><span class=\"crp_title\">Galaxy Unpacked: O que esperar da Samsung em 2026?<\/span><\/a><span class=\"crp_date\"> Fevereiro 11, 2026<\/span> <span class=\"crp_excerpt\"> Para aqueles interessados, e, tamb&eacute;m para os mais distra&iacute;dos, temos&hellip;<\/span><\/li><li class=\"news-block\"><a href=\"https:\/\/www.globaldata.pt\/blog\/amd-ryzen-7-9800x3d-o-novo-rei-da-performance\/\"     class=\"crp_link post-12285\"><figure><img width=\"300\" height=\"300\" src=\"https:\/\/www.globaldata.pt\/blog\/wp-content\/uploads\/2024\/11\/Captura-de-ecra-2024-11-17-152459-300x300.png\" class=\"crp_featured crp_thumb medium\" alt=\"9800X3D\" style=\"\" title=\"AMD Ryzen 7 9800X3D: o novo Rei da performance\" loading=\"lazy\" decoding=\"async\" srcset=\"https:\/\/www.globaldata.pt\/blog\/wp-content\/uploads\/2024\/11\/Captura-de-ecra-2024-11-17-152459-300x300.png 300w, https:\/\/www.globaldata.pt\/blog\/wp-content\/uploads\/2024\/11\/Captura-de-ecra-2024-11-17-152459-150x150.png 150w, https:\/\/www.globaldata.pt\/blog\/wp-content\/uploads\/2024\/11\/Captura-de-ecra-2024-11-17-152459-768x765.png 768w, https:\/\/www.globaldata.pt\/blog\/wp-content\/uploads\/2024\/11\/Captura-de-ecra-2024-11-17-152459-600x600.png 600w, https:\/\/www.globaldata.pt\/blog\/wp-content\/uploads\/2024\/11\/Captura-de-ecra-2024-11-17-152459.png 853w\" sizes=\"auto, (max-width: 300px) 100vw, 300px\" srcset=\"https:\/\/www.globaldata.pt\/blog\/wp-content\/uploads\/2024\/11\/Captura-de-ecra-2024-11-17-152459-300x300.png 300w, https:\/\/www.globaldata.pt\/blog\/wp-content\/uploads\/2024\/11\/Captura-de-ecra-2024-11-17-152459-150x150.png 150w, https:\/\/www.globaldata.pt\/blog\/wp-content\/uploads\/2024\/11\/Captura-de-ecra-2024-11-17-152459-768x765.png 768w, https:\/\/www.globaldata.pt\/blog\/wp-content\/uploads\/2024\/11\/Captura-de-ecra-2024-11-17-152459-600x600.png 600w, https:\/\/www.globaldata.pt\/blog\/wp-content\/uploads\/2024\/11\/Captura-de-ecra-2024-11-17-152459.png 853w\" \/><\/figure><span class=\"crp_title\">AMD Ryzen 7 9800X3D: o novo Rei da performance<\/span><\/a><span class=\"crp_date\"> Novembro 17, 2024<\/span> <span class=\"crp_excerpt\"> O mercado de processadores de alto desempenho acaba de ganhar&hellip;<\/span><\/li><\/ul><div class=\"crp_clear\"><\/div><\/div><\/div>\n\n\n\n<h3 class=\"wp-block-heading\">Compatibilidade da Plataforma e M\u00e9tricas de Desempenho dos AMD Ryzen 9000<\/h3>\n\n\n\n<p>A s\u00e9rie Ryzen 9000 traz grandes atualiza\u00e7\u00f5es para a linha de CPUs de desktop da AMD, oferecendo desempenho e recursos melhorados para jogos e cargas de trabalho de AI (Intelig\u00eancia Artificial).<\/p>\n\n\n\n<figure class=\"wp-block-image aligncenter size-large\"><img decoding=\"async\" width=\"1024\" height=\"573\" src=\"https:\/\/www.globaldata.pt\/blog\/wp-content\/uploads\/2024\/08\/image-75-1200x672-1-1024x573.webp\" alt=\"\" class=\"wp-image-11319\"\/ loading=\"lazy\" srcset=\"https:\/\/www.globaldata.pt\/blog\/wp-content\/uploads\/2024\/08\/image-75-1200x672-1-1024x573.webp 1024w, https:\/\/www.globaldata.pt\/blog\/wp-content\/uploads\/2024\/08\/image-75-1200x672-1-300x168.webp 300w, https:\/\/www.globaldata.pt\/blog\/wp-content\/uploads\/2024\/08\/image-75-1200x672-1-768x430.webp 768w, https:\/\/www.globaldata.pt\/blog\/wp-content\/uploads\/2024\/08\/image-75-1200x672-1.webp 1200w\" sizes=\"auto, (max-width: 1024px) 100vw, 1024px\" \/><figcaption class=\"wp-element-caption\">Imagem partilhada pela AMD durante o an\u00fancio oficial.<\/figcaption><\/figure>\n\n\n\n<h4 class=\"wp-block-heading\">Suporte ao Socket AM5 e Motherboards<\/h4>\n\n\n\n<p>Os CPUs Ryzen 9000 usam o mesmo socket AM5 da AMD, compat\u00edvel com motherboards AM5 existentes. Os consumidores n\u00e3o precisam de uma nova motherboard para fazer o upgrade. As motherboards AM5 existem nas vers\u00f5es X670E de alta gama e B650 de gama m\u00e9dia. As X670E t\u00eam mais recursos, suportando mem\u00f3ria mais r\u00e1pida e mais portas USB. As placas B650 custam menos, oferecem um bom desempenho, mas disp\u00f5em de menos recursos. Todas as placas AM5 suportam PCIe 5.0, permitindo armazenamento e placas gr\u00e1ficas mais r\u00e1pidas. Estas motherboards tamb\u00e9m funcionam com RAM DDR5, que \u00e9 atualmente o formato mais r\u00e1pido de mem\u00f3rias RAM.<\/p>\n\n\n\n<p>A AMD anunciou ainda assim que novos chipsets ser\u00e3o lan\u00e7ados para as futuras motherboards, nos modelos X870E, X870, B850 e B840. Ainda sem data de lan\u00e7amento, mas j\u00e1 com alguma informa\u00e7\u00e3o relativamente a specs gerais, podemos ficar a perceber que se ir\u00e1 tratar de um refresh \u00e0s gera\u00e7\u00f5es actuais.<\/p>\n\n\n\n<figure class=\"wp-block-image aligncenter size-large\"><img decoding=\"async\" width=\"1024\" height=\"578\" src=\"https:\/\/www.globaldata.pt\/blog\/wp-content\/uploads\/2024\/08\/image-71-1200x677-1-1024x578.webp\" alt=\"\" class=\"wp-image-11316\"\/ loading=\"lazy\" srcset=\"https:\/\/www.globaldata.pt\/blog\/wp-content\/uploads\/2024\/08\/image-71-1200x677-1-1024x578.webp 1024w, https:\/\/www.globaldata.pt\/blog\/wp-content\/uploads\/2024\/08\/image-71-1200x677-1-300x169.webp 300w, https:\/\/www.globaldata.pt\/blog\/wp-content\/uploads\/2024\/08\/image-71-1200x677-1-768x433.webp 768w, https:\/\/www.globaldata.pt\/blog\/wp-content\/uploads\/2024\/08\/image-71-1200x677-1.webp 1200w\" sizes=\"auto, (max-width: 1024px) 100vw, 1024px\" \/><figcaption class=\"wp-element-caption\">Imagem partilhada pela AMD durante o an\u00fancio oficial.<\/figcaption><\/figure>\n\n\n\n<h4 class=\"wp-block-heading\">Benchmarks e Desempenho em Jogos<\/h4>\n\n\n\n<p>Os testes iniciais mostram grandes ganhos para os chips Ryzen 9000. No Cinebench, eles pontuam at\u00e9 15% mais que os modelos da gera\u00e7\u00e3o anterior. A codifica\u00e7\u00e3o de v\u00eddeo no Handbrake \u00e9 cerca de 10% mais r\u00e1pida. Os jogos tamb\u00e9m mostram melhorias s\u00f3lidas. Por exemplo, no Horizon Zero Dawn a 1080p, a AMD demonstrou que o Ryzen 9 9700X \u00e9 5% mais r\u00e1pido que o 7800X3D &#8211; sendo que outros jogos mostram ganhos semelhantes.<\/p>\n\n\n\n<ul class=\"wp-block-list\">\n<li>Cinebench: at\u00e9 15% mais r\u00e1pido<\/li>\n\n\n\n<li>Handbrake: codifica\u00e7\u00e3o 10% mais r\u00e1pida<\/li>\n\n\n\n<li>Jogos: 5-10% melhor FPS<\/li>\n<\/ul>\n\n\n\n<p>Os tempos de renderiza\u00e7\u00e3o no Blender s\u00e3o reduzidos at\u00e9 20%, ajudando os artistas que trabalham 3D a produzirem os seus trabalhos em menos tempo.<\/p>\n\n\n\n<h2 class=\"wp-block-heading\">Disponibilidade<\/h2>\n\n\n\n<p>Os processadores AMD da S\u00e9rie 9000 j\u00e1 se encontram dispon\u00edveis por encomenda na Globaldata, atrav\u00e9s dos links abaixo:<\/p>\n\n\n\n<figure class=\"wp-block-table aligncenter is-style-regular\"><table class=\"has-border-color has-fixed-layout\" style=\"border-color:#f0f0f0;border-width:16px\"><tbody><tr><td class=\"has-text-align-center\" data-align=\"center\"><img decoding=\"async\" width=\"250\" height=\"250\" class=\"wp-image-11376\" style=\"width: 250px;\" src=\"https:\/\/www.globaldata.pt\/blog\/wp-content\/uploads\/2024\/08\/9600x.png\" alt=\"Ryzen 5 9600x\" loading=\"lazy\" srcset=\"https:\/\/www.globaldata.pt\/blog\/wp-content\/uploads\/2024\/08\/9600x.png 516w, https:\/\/www.globaldata.pt\/blog\/wp-content\/uploads\/2024\/08\/9600x-300x300.png 300w, https:\/\/www.globaldata.pt\/blog\/wp-content\/uploads\/2024\/08\/9600x-150x150.png 150w\" sizes=\"auto, (max-width: 250px) 100vw, 250px\" \/><\/td><td class=\"has-text-align-center\" data-align=\"center\"><img decoding=\"async\" width=\"250\" height=\"250\" class=\"wp-image-11379\" style=\"width: 250px;\" src=\"https:\/\/www.globaldata.pt\/blog\/wp-content\/uploads\/2024\/08\/9700x.png\" alt=\"Ryzen 7 9700x\" loading=\"lazy\" srcset=\"https:\/\/www.globaldata.pt\/blog\/wp-content\/uploads\/2024\/08\/9700x.png 518w, https:\/\/www.globaldata.pt\/blog\/wp-content\/uploads\/2024\/08\/9700x-300x300.png 300w, https:\/\/www.globaldata.pt\/blog\/wp-content\/uploads\/2024\/08\/9700x-150x150.png 150w\" sizes=\"auto, (max-width: 250px) 100vw, 250px\" \/><\/td><td class=\"has-text-align-center\" data-align=\"center\"><img decoding=\"async\" width=\"250\" height=\"250\" class=\"wp-image-11378\" style=\"width: 250px;\" src=\"https:\/\/www.globaldata.pt\/blog\/wp-content\/uploads\/2024\/08\/9900x.png\" alt=\"Ryzen 9 9900x\" loading=\"lazy\" srcset=\"https:\/\/www.globaldata.pt\/blog\/wp-content\/uploads\/2024\/08\/9900x.png 517w, https:\/\/www.globaldata.pt\/blog\/wp-content\/uploads\/2024\/08\/9900x-300x300.png 300w, https:\/\/www.globaldata.pt\/blog\/wp-content\/uploads\/2024\/08\/9900x-150x150.png 150w\" sizes=\"auto, (max-width: 250px) 100vw, 250px\" \/><\/td><td class=\"has-text-align-center\" data-align=\"center\"><img decoding=\"async\" width=\"250\" height=\"250\" class=\"wp-image-11377\" style=\"width: 250px;\" src=\"https:\/\/www.globaldata.pt\/blog\/wp-content\/uploads\/2024\/08\/9950x.png\" alt=\"Ryzen 9 9950x\" loading=\"lazy\" srcset=\"https:\/\/www.globaldata.pt\/blog\/wp-content\/uploads\/2024\/08\/9950x.png 517w, https:\/\/www.globaldata.pt\/blog\/wp-content\/uploads\/2024\/08\/9950x-300x300.png 300w, https:\/\/www.globaldata.pt\/blog\/wp-content\/uploads\/2024\/08\/9950x-150x150.png 150w\" sizes=\"auto, (max-width: 250px) 100vw, 250px\" \/><\/td><\/tr><tr><td class=\"has-text-align-center\" data-align=\"center\"><strong>AMD Ryzen 5 9600X<\/strong><\/td><td class=\"has-text-align-center\" data-align=\"center\"><strong>AMD Ryzen 7 9700X<\/strong><\/td><td class=\"has-text-align-center\" data-align=\"center\"><strong>AMD Ryzen 9 9900X<\/strong><\/td><td class=\"has-text-align-center\" data-align=\"center\"><strong>AMD Ryzen 9 9950X<\/strong><\/td><\/tr><tr><td class=\"has-text-align-center\" data-align=\"center\">Cores: 6<br>Threads: 12<br>Max Boost: 5.4Ghz<br>Base Clock: 3.9Ghz<br>L2 Cache: 6 x 1MB<br>L3 Cache: 32MB<br>TDP: 65W<br>Vel Mem\u00f3ria: DDR5-5600<\/td><td class=\"has-text-align-center\" data-align=\"center\">Cores: 8<br>Threads: 16<br>Max Boost: 5.5Ghz<br>Base Clock: 3.8Ghz<br>L2 Cache: 8 x 1MB<br>L3 Cache: 32MB<br>TDP: 65W<br>Vel Mem\u00f3ria: DDR5-5600<\/td><td class=\"has-text-align-center\" data-align=\"center\">Cores: 12<br>Threads: 24<br>Max Boost: 5.6Ghz<br>Base Clock: 4.4Ghz<br>L2 Cache: 12 x 1MB<br>L3 Cache: 64MB<br>TDP: 120W<br>Vel Mem\u00f3ria: DDR5-5600<\/td><td class=\"has-text-align-center\" data-align=\"center\">Cores: 16<br>Threads: 32<br>Max Boost: 5.7Ghz<br>Base Clock: 4.3Ghz<br>L2 Cache: 16 x 1MB<br>L3 Cache: 64MB<br>TDP: 170W<br>Vel Mem\u00f3ria: DDR5-5600<\/td><\/tr><tr><td class=\"has-text-align-center\" data-align=\"center\"><strong><a href=\"https:\/\/www.globaldata.pt\/processador-amd-ryzen-5-9600x-6-core-39ghz-54ghz-32mb-am5-100-100001405wof\">COMPRAR<\/a><\/strong><\/td><td class=\"has-text-align-center\" data-align=\"center\"><strong><a href=\"https:\/\/www.globaldata.pt\/processador-amd-ryzen-7-9700x-8-core-38ghz-545hz-32mb-am5-100-100001404wof\">COMPRAR<\/a><\/strong><\/td><td class=\"has-text-align-center\" data-align=\"center\"><a href=\"https:\/\/www.globaldata.pt\/processador-amd-ryzen-9-9900x-12-core-44ghz-565hz-64mb-am5-100-100000662wof\"><strong>COMPRAR<\/strong><\/a><\/td><td class=\"has-text-align-center\" data-align=\"center\"><strong><a href=\"https:\/\/www.globaldata.pt\/processador-amd-ryzen-9-9950x-16-core-43ghz-575hz-64mb-am5-100-100001277wof\">COMPRAR<\/a><\/strong><\/td><\/tr><\/tbody><\/table><\/figure>\n","protected":false},"excerpt":{"rendered":"<p>A AMD planeava lan&ccedil;ar os seus novos CPUs Ryzen 9000 a 31 de julho de 2024, mas devido a um problema de &lsquo;qualidade&rsquo; n&atilde;o especificado, o lan&ccedil;amento dos processadores foi adiado. Como resultado, os chips ser&atilde;o lan&ccedil;ados em duas fases. Os processadores Ryzen 7 9700X e Ryzen 5 9600X ser&atilde;o lan&ccedil;ados a 8 de Agosto, [&hellip;]<\/p>\n","protected":false},"author":20,"featured_media":11323,"comment_status":"open","ping_status":"open","sticky":true,"template":"","format":"standard","meta":{"footnotes":""},"categories":[1451,1464,1847],"tags":[1837,1836,1835,1834,1453,1499,1579,1497,1839,1838,1791,1833],"class_list":["post-11308","post","type-post","status-publish","format-standard","has-post-thumbnail","hentry","category-noticias","category-featured-small","category-tudo","tag-9600x","tag-9700x","tag-9900x","tag-9950x","tag-amd","tag-gaming","tag-hardware","tag-noticias","tag-ryzen-5","tag-ryzen-7","tag-ryzen-9","tag-ryzen-9000"],"yoast_head":"<!-- This site is optimized with the Yoast SEO plugin v27.4 - https:\/\/yoast.com\/product\/yoast-seo-wordpress\/ -->\n<title>O que esperar dos novos processadores AMD Ryzen 9000? - Globaldata Blog<\/title>\n<meta name=\"description\" content=\"A AMD planeava lan\u00e7ar os seus novos CPUs Ryzen 9000 a 31 de julho de 2024, mas devido a um problema de \u2018qualidade\u2019 n\u00e3o especificado, o lan\u00e7amento dos\" \/>\n<meta name=\"robots\" content=\"index, follow, max-snippet:-1, max-image-preview:large, max-video-preview:-1\" \/>\n<link rel=\"canonical\" href=\"https:\/\/www.globaldata.pt\/blog\/o-que-esperar-dos-novos-processadores-amd-ryzen-9000\/\" \/>\n<meta property=\"og:locale\" content=\"pt_PT\" \/>\n<meta property=\"og:type\" content=\"article\" \/>\n<meta property=\"og:title\" content=\"O que esperar dos novos processadores AMD Ryzen 9000? - Globaldata Blog\" \/>\n<meta property=\"og:description\" content=\"A AMD planeava lan\u00e7ar os seus novos CPUs Ryzen 9000 a 31 de julho de 2024, mas devido a um problema de \u2018qualidade\u2019 n\u00e3o especificado, o lan\u00e7amento dos\" \/>\n<meta property=\"og:url\" content=\"https:\/\/www.globaldata.pt\/blog\/o-que-esperar-dos-novos-processadores-amd-ryzen-9000\/\" \/>\n<meta property=\"og:site_name\" content=\"Globaldata Blog\" \/>\n<meta property=\"article:published_time\" content=\"2024-08-08T13:30:00+00:00\" \/>\n<meta property=\"article:modified_time\" content=\"2024-08-24T13:07:28+00:00\" \/>\n<meta property=\"og:image\" content=\"https:\/\/www.globaldata.pt\/blog\/wp-content\/uploads\/2024\/08\/713800.webp\" \/>\n\t<meta property=\"og:image:width\" content=\"824\" \/>\n\t<meta property=\"og:image:height\" content=\"494\" \/>\n\t<meta property=\"og:image:type\" content=\"image\/webp\" \/>\n<meta name=\"author\" content=\"Ricardo Paredes\" \/>\n<meta name=\"twitter:label1\" content=\"Escrito por\" \/>\n\t<meta name=\"twitter:data1\" content=\"Ricardo Paredes\" \/>\n\t<meta name=\"twitter:label2\" content=\"Tempo estimado de leitura\" \/>\n\t<meta name=\"twitter:data2\" content=\"8 minutos\" \/>\n<!-- \/ Yoast SEO plugin. -->","yoast_head_json":{"title":"O que esperar dos novos processadores AMD Ryzen 9000? - Globaldata Blog","description":"A AMD planeava lan\u00e7ar os seus novos CPUs Ryzen 9000 a 31 de julho de 2024, mas devido a um problema de \u2018qualidade\u2019 n\u00e3o especificado, o lan\u00e7amento dos","robots":{"index":"index","follow":"follow","max-snippet":"max-snippet:-1","max-image-preview":"max-image-preview:large","max-video-preview":"max-video-preview:-1"},"canonical":"https:\/\/www.globaldata.pt\/blog\/o-que-esperar-dos-novos-processadores-amd-ryzen-9000\/","og_locale":"pt_PT","og_type":"article","og_title":"O que esperar dos novos processadores AMD Ryzen 9000? - Globaldata Blog","og_description":"A AMD planeava lan\u00e7ar os seus novos CPUs Ryzen 9000 a 31 de julho de 2024, mas devido a um problema de \u2018qualidade\u2019 n\u00e3o especificado, o lan\u00e7amento dos","og_url":"https:\/\/www.globaldata.pt\/blog\/o-que-esperar-dos-novos-processadores-amd-ryzen-9000\/","og_site_name":"Globaldata Blog","article_published_time":"2024-08-08T13:30:00+00:00","article_modified_time":"2024-08-24T13:07:28+00:00","og_image":[{"width":824,"height":494,"url":"https:\/\/www.globaldata.pt\/blog\/wp-content\/uploads\/2024\/08\/713800.webp","type":"image\/webp"}],"author":"Ricardo Paredes","twitter_misc":{"Escrito por":"Ricardo Paredes","Tempo estimado de leitura":"8 minutos"},"schema":{"@context":"https:\/\/schema.org","@graph":[{"@type":"Article","@id":"https:\/\/www.globaldata.pt\/blog\/o-que-esperar-dos-novos-processadores-amd-ryzen-9000\/#article","isPartOf":{"@id":"https:\/\/www.globaldata.pt\/blog\/o-que-esperar-dos-novos-processadores-amd-ryzen-9000\/"},"author":{"name":"Ricardo Paredes","@id":"https:\/\/www.globaldata.pt\/blog\/#\/schema\/person\/70491d77d294bf6d30535a054edafa10"},"headline":"O que esperar dos novos processadores AMD Ryzen 9000?","datePublished":"2024-08-08T13:30:00+00:00","dateModified":"2024-08-24T13:07:28+00:00","mainEntityOfPage":{"@id":"https:\/\/www.globaldata.pt\/blog\/o-que-esperar-dos-novos-processadores-amd-ryzen-9000\/"},"wordCount":1140,"commentCount":1,"publisher":{"@id":"https:\/\/www.globaldata.pt\/blog\/#organization"},"image":{"@id":"https:\/\/www.globaldata.pt\/blog\/o-que-esperar-dos-novos-processadores-amd-ryzen-9000\/#primaryimage"},"thumbnailUrl":"https:\/\/www.globaldata.pt\/blog\/wp-content\/uploads\/2024\/08\/713800.webp","keywords":["9600X","9700X","9900X","9950X","amd","Gaming","Hardware","Not\u00edcias","Ryzen 5","Ryzen 7","Ryzen 9","Ryzen 9000"],"articleSection":["Not\u00edcias","Posts em destaque 2","Todos os Artigos"],"inLanguage":"pt-PT","potentialAction":[{"@type":"CommentAction","name":"Comment","target":["https:\/\/www.globaldata.pt\/blog\/o-que-esperar-dos-novos-processadores-amd-ryzen-9000\/#respond"]}]},{"@type":"WebPage","@id":"https:\/\/www.globaldata.pt\/blog\/o-que-esperar-dos-novos-processadores-amd-ryzen-9000\/","url":"https:\/\/www.globaldata.pt\/blog\/o-que-esperar-dos-novos-processadores-amd-ryzen-9000\/","name":"O que esperar dos novos processadores AMD Ryzen 9000? - Globaldata Blog","isPartOf":{"@id":"https:\/\/www.globaldata.pt\/blog\/#website"},"primaryImageOfPage":{"@id":"https:\/\/www.globaldata.pt\/blog\/o-que-esperar-dos-novos-processadores-amd-ryzen-9000\/#primaryimage"},"image":{"@id":"https:\/\/www.globaldata.pt\/blog\/o-que-esperar-dos-novos-processadores-amd-ryzen-9000\/#primaryimage"},"thumbnailUrl":"https:\/\/www.globaldata.pt\/blog\/wp-content\/uploads\/2024\/08\/713800.webp","datePublished":"2024-08-08T13:30:00+00:00","dateModified":"2024-08-24T13:07:28+00:00","description":"A AMD planeava lan\u00e7ar os seus novos CPUs Ryzen 9000 a 31 de julho de 2024, mas devido a um problema de \u2018qualidade\u2019 n\u00e3o especificado, o lan\u00e7amento dos","breadcrumb":{"@id":"https:\/\/www.globaldata.pt\/blog\/o-que-esperar-dos-novos-processadores-amd-ryzen-9000\/#breadcrumb"},"inLanguage":"pt-PT","potentialAction":[{"@type":"ReadAction","target":["https:\/\/www.globaldata.pt\/blog\/o-que-esperar-dos-novos-processadores-amd-ryzen-9000\/"]}]},{"@type":"ImageObject","inLanguage":"pt-PT","@id":"https:\/\/www.globaldata.pt\/blog\/o-que-esperar-dos-novos-processadores-amd-ryzen-9000\/#primaryimage","url":"https:\/\/www.globaldata.pt\/blog\/wp-content\/uploads\/2024\/08\/713800.webp","contentUrl":"https:\/\/www.globaldata.pt\/blog\/wp-content\/uploads\/2024\/08\/713800.webp","width":824,"height":494,"caption":"Processadores AMD S\u00e9rie 9000, na Globaldata"},{"@type":"BreadcrumbList","@id":"https:\/\/www.globaldata.pt\/blog\/o-que-esperar-dos-novos-processadores-amd-ryzen-9000\/#breadcrumb","itemListElement":[{"@type":"ListItem","position":1,"name":"P\u00e1gina inicial","item":"https:\/\/www.globaldata.pt\/blog\/"},{"@type":"ListItem","position":2,"name":"Not\u00edcias","item":"https:\/\/www.globaldata.pt\/blog\/category\/noticias\/"},{"@type":"ListItem","position":3,"name":"O que esperar dos novos processadores AMD Ryzen 9000?"}]},{"@type":"WebSite","@id":"https:\/\/www.globaldata.pt\/blog\/#website","url":"https:\/\/www.globaldata.pt\/blog\/","name":"Globaldata Blog","description":"\u2013 Inform\u00e1tica e Tecnologia \u2013 Blog de not\u00edcias, dicas e an\u00e1lises sobre inform\u00e1tica e tecnologia - hardware, mobile e gaming.","publisher":{"@id":"https:\/\/www.globaldata.pt\/blog\/#organization"},"potentialAction":[{"@type":"SearchAction","target":{"@type":"EntryPoint","urlTemplate":"https:\/\/www.globaldata.pt\/blog\/?s={search_term_string}"},"query-input":{"@type":"PropertyValueSpecification","valueRequired":true,"valueName":"search_term_string"}}],"inLanguage":"pt-PT"},{"@type":"Organization","@id":"https:\/\/www.globaldata.pt\/blog\/#organization","name":"Caseking GmbH","url":"https:\/\/www.globaldata.pt\/blog\/","logo":{"@type":"ImageObject","inLanguage":"pt-PT","@id":"https:\/\/www.globaldata.pt\/blog\/#\/schema\/logo\/image\/","url":"","contentUrl":"","caption":"Caseking GmbH"},"image":{"@id":"https:\/\/www.globaldata.pt\/blog\/#\/schema\/logo\/image\/"}},{"@type":"Person","@id":"https:\/\/www.globaldata.pt\/blog\/#\/schema\/person\/70491d77d294bf6d30535a054edafa10","name":"Ricardo Paredes","image":{"@type":"ImageObject","inLanguage":"pt-PT","@id":"https:\/\/secure.gravatar.com\/avatar\/d74b4cfbf9f8c40616f5865b862abdec7ba250eed7f69ab8425bbd87e43182f6?s=96&d=mm&r=g","url":"https:\/\/secure.gravatar.com\/avatar\/d74b4cfbf9f8c40616f5865b862abdec7ba250eed7f69ab8425bbd87e43182f6?s=96&d=mm&r=g","contentUrl":"https:\/\/secure.gravatar.com\/avatar\/d74b4cfbf9f8c40616f5865b862abdec7ba250eed7f69ab8425bbd87e43182f6?s=96&d=mm&r=g","caption":"Ricardo Paredes"},"description":"Especialista de inform\u00e1tica, gamer desde os \u00e1ureos tempos do World of Warcraft e Counter-Strike Beta 5.4.","url":"https:\/\/www.globaldata.pt\/blog\/author\/ricardo\/"}]}},"_links":{"self":[{"href":"https:\/\/www.globaldata.pt\/blog\/wp-json\/wp\/v2\/posts\/11308","targetHints":{"allow":["GET"]}}],"collection":[{"href":"https:\/\/www.globaldata.pt\/blog\/wp-json\/wp\/v2\/posts"}],"about":[{"href":"https:\/\/www.globaldata.pt\/blog\/wp-json\/wp\/v2\/types\/post"}],"author":[{"embeddable":true,"href":"https:\/\/www.globaldata.pt\/blog\/wp-json\/wp\/v2\/users\/20"}],"replies":[{"embeddable":true,"href":"https:\/\/www.globaldata.pt\/blog\/wp-json\/wp\/v2\/comments?post=11308"}],"version-history":[{"count":12,"href":"https:\/\/www.globaldata.pt\/blog\/wp-json\/wp\/v2\/posts\/11308\/revisions"}],"predecessor-version":[{"id":11507,"href":"https:\/\/www.globaldata.pt\/blog\/wp-json\/wp\/v2\/posts\/11308\/revisions\/11507"}],"wp:featuredmedia":[{"embeddable":true,"href":"https:\/\/www.globaldata.pt\/blog\/wp-json\/wp\/v2\/media\/11323"}],"wp:attachment":[{"href":"https:\/\/www.globaldata.pt\/blog\/wp-json\/wp\/v2\/media?parent=11308"}],"wp:term":[{"taxonomy":"category","embeddable":true,"href":"https:\/\/www.globaldata.pt\/blog\/wp-json\/wp\/v2\/categories?post=11308"},{"taxonomy":"post_tag","embeddable":true,"href":"https:\/\/www.globaldata.pt\/blog\/wp-json\/wp\/v2\/tags?post=11308"}],"curies":[{"name":"wp","href":"https:\/\/api.w.org\/{rel}","templated":true}]}}