{"id":12611,"date":"2025-01-10T17:46:54","date_gmt":"2025-01-10T17:46:54","guid":{"rendered":"https:\/\/www.globaldata.pt\/blog\/?p=12611"},"modified":"2025-06-18T16:53:28","modified_gmt":"2025-06-18T15:53:28","slug":"amd-ces-2025-melhora-tudo-o-que-ja-tinha-de-bom","status":"publish","type":"post","link":"https:\/\/www.globaldata.pt\/blog\/amd-ces-2025-melhora-tudo-o-que-ja-tinha-de-bom\/","title":{"rendered":"AMD CES 2025: Melhoria de tudo o que j\u00e1 tinha de bom"},"content":{"rendered":"\n<h2 class=\"wp-block-heading has-text-align-center\">AMD: Um novo n\u00edvel de performance<\/h2>\n\n\n\n<p>Na CES 2025, a <a href=\"https:\/\/www.amd.com\/en\/corporate\/events\/ces.html\" target=\"_blank\" rel=\"noreferrer noopener\">AMD<\/a> surpreendeu o mercado com uma apresenta\u00e7\u00e3o focada em inova\u00e7\u00e3o e performance. O principal destaque recaiu sobre a <strong>nova linha de <a href=\"https:\/\/www.amd.com\/en\/products\/processors\/desktops\/ryzen.html\" target=\"_blank\" rel=\"noreferrer noopener\">processadores<\/a><\/strong>, que promete elevar significativamente os padr\u00f5es da ind\u00fastria.<\/p>\n\n\n\n<p>Al\u00e9m disso, durante o evento, a AMD despertou grande interesse ao anunciar as <strong>pr\u00f3ximas tecnologias RDNA 4 e FSR 4<\/strong>, e prometeu divulgar <strong>mais detalhes sobre estas em breve<\/strong>.<\/p>\n\n\n\n<figure class=\"wp-block-embed is-type-video is-provider-youtube wp-block-embed-youtube wp-embed-aspect-16-9 wp-has-aspect-ratio\"><div class=\"wp-block-embed__wrapper\">\n<iframe loading=\"lazy\" title=\"AMD at CES 2025 Replay\" width=\"640\" height=\"360\" src=\"https:\/\/www.youtube.com\/embed\/5n85lx3Tyr0?feature=oembed\" frameborder=\"0\" allow=\"accelerometer; autoplay; clipboard-write; encrypted-media; gyroscope; picture-in-picture; web-share\" referrerpolicy=\"strict-origin-when-cross-origin\" allowfullscreen><\/iframe>\n<\/div><\/figure>\n\n\n\n<hr class=\"wp-block-separator has-alpha-channel-opacity\" \/>\n\n\n\n<h3 class=\"wp-block-heading has-text-align-center\">Os novos AMD Ryzen 9 9000X3D<\/h3>\n\n\n\n<div class=\"wp-block-group is-nowrap is-layout-flex wp-container-core-group-is-layout-6c531013 wp-block-group-is-layout-flex\">\n<div class=\"wp-block-group is-layout-constrained wp-block-group-is-layout-constrained\">\n<p>A AMD iniciou a <strong>CES 2025<\/strong>, com a anuncia\u00e7\u00e3o dos novos <strong>RYZEN 9<\/strong> da <strong>s\u00e9rie 9000X3D<\/strong> que cont\u00e9m at\u00e9 <strong>16 n\u00facleos <a href=\"https:\/\/www.globaldata.pt\/componentes\/processadores\/amd?arquitectura%5B0%5D=Zen+5\">Zen 5<\/a><\/strong>. Estes chips prometem um desempenho impressionante e velocidades ainda mais r\u00e1pidas que os mais recentes lan\u00e7amentos. Denominados como os &#8220;<em><strong>processadores de 16 n\u00facleos mais r\u00e1pidos da atualidade<\/strong><\/em>&#8220;, os <strong>Ryzen 9 9000X3D<\/strong> oferecem uma <strong>performance superior em gaming e cria\u00e7\u00e3o de conte\u00fado<\/strong>, e segundo a AMD com uma <strong>efici\u00eancia m\u00e9dia 10% superior<\/strong> \u00e0 da concorr\u00eancia e modelos anteriores.<\/p>\n<\/div>\n<\/div>\n\n\n\n<figure class=\"wp-block-image aligncenter size-large is-resized wp-duotone-unset-1\"><img decoding=\"async\" width=\"1024\" height=\"544\" src=\"https:\/\/www.globaldata.pt\/blog\/wp-content\/uploads\/2025\/01\/AMD-CES-2025-3-1024x544.jpg\" alt=\"\" class=\"wp-image-12885\" style=\"width:860px;height:auto\" \/ loading=\"lazy\" srcset=\"https:\/\/www.globaldata.pt\/blog\/wp-content\/uploads\/2025\/01\/AMD-CES-2025-3-1024x544.jpg 1024w, https:\/\/www.globaldata.pt\/blog\/wp-content\/uploads\/2025\/01\/AMD-CES-2025-3-300x159.jpg 300w, https:\/\/www.globaldata.pt\/blog\/wp-content\/uploads\/2025\/01\/AMD-CES-2025-3-768x408.jpg 768w, https:\/\/www.globaldata.pt\/blog\/wp-content\/uploads\/2025\/01\/AMD-CES-2025-3-1536x816.jpg 1536w, https:\/\/www.globaldata.pt\/blog\/wp-content\/uploads\/2025\/01\/AMD-CES-2025-3-2048x1088.jpg 2048w\" sizes=\"auto, (max-width: 1024px) 100vw, 1024px\" \/><figcaption class=\"wp-element-caption\">Cr\u00e9dito Imagem: AMD<\/figcaption><\/figure>\n\n\n\n<p>Neste lan\u00e7amento, a AMD apresentou os <strong><a href=\"https:\/\/www.amd.com\/en\/products\/processors\/desktops\/ryzen\/9000-series\/amd-ryzen-9-9950x3d.html\" target=\"_blank\" rel=\"noreferrer noopener\">Ryzen 9 9950X3D<\/a><\/strong>, com <strong>16 cores e 32 threads<\/strong>, e <strong><a href=\"https:\/\/www.amd.com\/en\/products\/processors\/desktops\/ryzen\/9000-series\/amd-ryzen-9-9900x3d.html\" target=\"_blank\" rel=\"noreferrer noopener\">Ryzen 9 9900X3D<\/a><\/strong>, com <strong>12 cores e 24 threads<\/strong>. As velocidades chegam <strong>at\u00e9 5.7Ghz<\/strong>, e o TDP at\u00e9 170W no modelo topo de gama. Em rela\u00e7\u00e3o \u00e0 gera\u00e7\u00e3o anterior, estes processadores demonstram uma melhoria de pelo menos 200 MHz, o que reflete um salto significativo no desempenho.<\/p>\n\n\n\n<p>De acordo com os gr\u00e1ficos apresentados pela AMD, o <strong>Ryzen 9 9950X3D<\/strong> \u00e9, em m\u00e9dia, <strong>8% mais r\u00e1pido <\/strong>do que o 7950X3D <strong>em gaming<\/strong>. E segundo Jack Huynh, comparando o 9950X3D ao Intel Core Ultra 9 285K, a oferta mais poderosa da Intel, o 9950X3D \u00e9 <strong>20% mais r\u00e1pido<\/strong>.<\/p>\n\n\n\n<figure class=\"wp-block-image aligncenter size-large is-resized\"><img decoding=\"async\" width=\"1024\" height=\"576\" src=\"https:\/\/www.globaldata.pt\/blog\/wp-content\/uploads\/2025\/01\/9950X3D2-1-1024x576.webp\" alt=\"\" class=\"wp-image-12593\" style=\"width:1024px;height:auto\" \/ loading=\"lazy\" srcset=\"https:\/\/www.globaldata.pt\/blog\/wp-content\/uploads\/2025\/01\/9950X3D2-1-1024x576.webp 1024w, https:\/\/www.globaldata.pt\/blog\/wp-content\/uploads\/2025\/01\/9950X3D2-1-300x169.webp 300w, https:\/\/www.globaldata.pt\/blog\/wp-content\/uploads\/2025\/01\/9950X3D2-1-768x432.webp 768w, https:\/\/www.globaldata.pt\/blog\/wp-content\/uploads\/2025\/01\/9950X3D2-1.webp 1200w\" sizes=\"auto, (max-width: 1024px) 100vw, 1024px\" \/><figcaption class=\"wp-element-caption\">Compara\u00e7\u00e3o de Perfomance em Gaming<br>Cr\u00e9dito Imagem: AMD<\/figcaption><\/figure>\n\n\n\n<p class=\"has-text-align-left\">No que diz respeito a aplica\u00e7\u00f5es de cria\u00e7\u00e3o de conte\u00fado, a AMD destaca uma <strong>melhoria de 10% na cria\u00e7\u00e3o de conte\u00fado<\/strong>, com base em 20 aplica\u00e7\u00f5es testadas, quando comparado com o Intel Core Ultra 9 285K. Em compara\u00e7\u00e3o com o 7950X3D,<strong> a cria\u00e7\u00e3o de conte\u00fados \u00e9<\/strong> <strong>13% mais r\u00e1pida<\/strong>. Sendo assim, estes novos processadores Ryzen 9 da s\u00e9rie 9000X3D posicionam-se como <strong>l\u00edderes em desempenho e efici\u00eancia<\/strong>.<\/p>\n\n\n\n<figure class=\"wp-block-image aligncenter size-large\"><img decoding=\"async\" width=\"1024\" height=\"576\" src=\"https:\/\/www.globaldata.pt\/blog\/wp-content\/uploads\/2025\/01\/9950X3D1-1024x576.webp\" alt=\"\" class=\"wp-image-12590\" \/ loading=\"lazy\" srcset=\"https:\/\/www.globaldata.pt\/blog\/wp-content\/uploads\/2025\/01\/9950X3D1-1024x576.webp 1024w, https:\/\/www.globaldata.pt\/blog\/wp-content\/uploads\/2025\/01\/9950X3D1-300x169.webp 300w, https:\/\/www.globaldata.pt\/blog\/wp-content\/uploads\/2025\/01\/9950X3D1-768x432.webp 768w, https:\/\/www.globaldata.pt\/blog\/wp-content\/uploads\/2025\/01\/9950X3D1.webp 1200w\" sizes=\"auto, (max-width: 1024px) 100vw, 1024px\" \/><figcaption class=\"wp-element-caption\">Compara\u00e7\u00e3o de Perfomance em aplica\u00e7\u00f5es de Cria\u00e7\u00e3o de Conte\u00fado<br>Cr\u00e9dito Imagem: AMD<\/figcaption><\/figure>\n\n\n\n<div class=\"wp-block-buttons is-content-justification-center is-layout-flex wp-container-core-buttons-is-layout-a89b3969 wp-block-buttons-is-layout-flex\">\n<div class=\"wp-block-button is-style-outline is-style-outline--2\"><a class=\"wp-block-button__link has-black-color has-luminous-vivid-amber-background-color has-text-color has-background has-link-color wp-element-button\" href=\"\/?query=AMD%25209000&amp;category=Componentes\" style=\"border-radius:7px\" target=\"_blank\" rel=\"noreferrer noopener\"><strong>Processadores 9000<\/strong><\/a><\/div>\n<\/div>\n\n\n\n<hr class=\"wp-block-separator has-alpha-channel-opacity\" \/>\n\n\n\n<h3 class=\"wp-block-heading has-text-align-center\">A Novidades na CES sobre os Ryzen Mobile<\/h3>\n\n\n\n<p>No campo dos dispositivos m\u00f3veis, a CES 2025 testemunhou a apresenta\u00e7\u00e3o dos inovadores processadores AMD <strong>Ryzen 9 9000 mobile<\/strong>, denominados &#8220;<strong>HX<\/strong>&#8220;. Estes oferecem desempenho de elite em port\u00e1teis voltados para gamers e criadores de conte\u00fado. A AMD introduziu tamb\u00e9m os processadores<strong> Ryzen AI<\/strong>, que prometem <strong>elevar a intelig\u00eancia artificial e a performance gr\u00e1fica<\/strong> <strong>a novos patamares<\/strong>.<\/p>\n\n\n\n<p>Os novos processadores <strong>Ryzen AI S\u00e9rie Max<\/strong>, foram projetados para responder \u00e0s exig\u00eancias de alto desempenho em port\u00e1teis premium, finos e leves. Tanto como os processadores <strong>Ryzen AI S\u00e9rie 300<\/strong>, baseados na <strong>arquitetura Zen-5<\/strong>. E para continuar o legado da arquitetura Zen 4, a empresa apresentou os novos processadores <strong>Ryzen S\u00e9rie 200<\/strong>, ideais para a produtividade di\u00e1ria comum.<\/p>\n\n\n\n<figure class=\"wp-block-image aligncenter is-resized\"><img decoding=\"async\" src=\"https:\/\/i.pcmag.com\/imagery\/articles\/024SFN7LwE4m1oOp9Jv3Nou-23..v1717339935.jpg\" alt=\"An AMD Mobile Reboot: New Ryzen AI 300-Series Laptop Chips Are TOPS Beasts  | PCMag\" style=\"width:1008px;height:auto\" \/ loading=\"lazy\"><figcaption class=\"wp-element-caption\">Cr\u00e9dito Imagem: AMD<\/figcaption><\/figure>\n\n\n\n<hr class=\"wp-block-separator has-alpha-channel-opacity\" \/>\n\n\n\n<h3 class=\"wp-block-heading has-text-align-center\">AMD Ryzen 9 9000HX<\/h3>\n\n\n\n<figure class=\"wp-block-image aligncenter size-large\"><img decoding=\"async\" width=\"1024\" height=\"568\" src=\"https:\/\/www.globaldata.pt\/blog\/wp-content\/uploads\/2025\/01\/image-36-1200x666-1-1024x568.png\" alt=\"\" class=\"wp-image-12899\" \/ loading=\"lazy\" srcset=\"https:\/\/www.globaldata.pt\/blog\/wp-content\/uploads\/2025\/01\/image-36-1200x666-1-1024x568.png 1024w, https:\/\/www.globaldata.pt\/blog\/wp-content\/uploads\/2025\/01\/image-36-1200x666-1-300x167.png 300w, https:\/\/www.globaldata.pt\/blog\/wp-content\/uploads\/2025\/01\/image-36-1200x666-1-768x426.png 768w, https:\/\/www.globaldata.pt\/blog\/wp-content\/uploads\/2025\/01\/image-36-1200x666-1.png 1200w\" sizes=\"auto, (max-width: 1024px) 100vw, 1024px\" \/><figcaption class=\"wp-element-caption\">Cr\u00e9dito Imagem: AMD<\/figcaption><\/figure>\n\n\n\n<p><br>A mesma tamb\u00e9m prometeu elevar o patamar do desempenho m\u00f3vel com o lan\u00e7amento dos<strong> Ryzen 9 9000HX<\/strong>. Os componentes terminados em \u201c<strong>HX3D<\/strong>\u201d foram classificados como os \u201c<em><strong>melhores processadores mobile do mundo para gaming e cria\u00e7\u00e3o de conte\u00fado<\/strong><\/em>\u201d. Estes tamb\u00e9m integram a linha <strong>Ryzen 9000<\/strong>, e trazem as inova\u00e7\u00f5es significativas da s\u00e9rie.<\/p>\n\n\n\n<p>O principal modelo da nova linha de processadores \u00e9 o <strong><a href=\"https:\/\/www.amd.com\/en\/products\/processors\/laptop\/ryzen\/9000-series\/amd-ryzen-9-9955hx3d.html\" target=\"_blank\" rel=\"noreferrer noopener\">Ryzen 9 9955HX3D<\/a><\/strong>, que se destaca pelos impressionantes <strong>16 n\u00facleos e 32 threads<\/strong>, al\u00e9m de um clock boost de at\u00e9 <strong>5.4 GHz<\/strong> e um <strong>TDP<\/strong> de <strong>54W<\/strong>. A grande diferen\u00e7a entre este modelo e o Ryzen 9 9955HX est\u00e1 na cache: enquanto o 9955HX<strong>3D<\/strong> possui <strong>144 MB de cache<\/strong>, o modelo 9955HX conta com 80 MB. Esta diferen\u00e7a torna o novo Ryzen 9 uma op\u00e7\u00e3o mais poderosa e eficiente para tarefas que exigem maior desempenho.<\/p>\n\n\n\n<figure class=\"wp-block-image aligncenter size-large\"><img decoding=\"async\" width=\"1024\" height=\"575\" src=\"https:\/\/www.globaldata.pt\/blog\/wp-content\/uploads\/2025\/01\/45594-amd-ryzen-9000hx-2-1024x575.webp\" alt=\"\" class=\"wp-image-12897\" \/ loading=\"lazy\" srcset=\"https:\/\/www.globaldata.pt\/blog\/wp-content\/uploads\/2025\/01\/45594-amd-ryzen-9000hx-2-1024x575.webp 1024w, https:\/\/www.globaldata.pt\/blog\/wp-content\/uploads\/2025\/01\/45594-amd-ryzen-9000hx-2-300x169.webp 300w, https:\/\/www.globaldata.pt\/blog\/wp-content\/uploads\/2025\/01\/45594-amd-ryzen-9000hx-2-768x432.webp 768w, https:\/\/www.globaldata.pt\/blog\/wp-content\/uploads\/2025\/01\/45594-amd-ryzen-9000hx-2.webp 1274w\" sizes=\"auto, (max-width: 1024px) 100vw, 1024px\" \/><figcaption class=\"wp-element-caption\">Ryzen 9 9000HX<br>Cr\u00e9dito Imagem: AMD<\/figcaption><\/figure>\n\n\n\n<hr class=\"wp-block-separator has-alpha-channel-opacity\" \/>\n\n\n\n<div class=\"wp-block-group is-layout-constrained wp-block-group-is-layout-constrained\">\n<h3 class=\"wp-block-heading has-text-align-center\">Ryzen AI S\u00e9rie Max<\/h3>\n\n\n\n<p>Os novos processadores <strong>AMD<\/strong> <strong><a href=\"https:\/\/www.globaldata.pt\/?query=RYZEN%2520ai\">Ryzen AI S\u00e9rie Max<\/a><\/strong> demonstram na CES 2025 o que \u00e9 poss\u00edvel para PCs de AI de \u00faltima gera\u00e7\u00e3o. De maneira id\u00eantica \u00e0 s\u00e9rie Ryzen 9, oferecem uma pot\u00eancia e desempenho melhoradas para gamers, criadores de conte\u00fado e utilizadores comuns.<\/p>\n\n\n\n<figure class=\"wp-block-image aligncenter size-large\"><img decoding=\"async\" width=\"1024\" height=\"505\" src=\"https:\/\/www.globaldata.pt\/blog\/wp-content\/uploads\/2025\/01\/AMD-Ryzen-AI-MAX-PRO-1024x505.gif\" alt=\"AMD Ryzen AI Max\" class=\"wp-image-12915\" \/ loading=\"lazy\" srcset=\"https:\/\/www.globaldata.pt\/blog\/wp-content\/uploads\/2025\/01\/AMD-Ryzen-AI-MAX-PRO-1024x505.gif 1024w, https:\/\/www.globaldata.pt\/blog\/wp-content\/uploads\/2025\/01\/AMD-Ryzen-AI-MAX-PRO-300x148.gif 300w, https:\/\/www.globaldata.pt\/blog\/wp-content\/uploads\/2025\/01\/AMD-Ryzen-AI-MAX-PRO-768x379.gif 768w, https:\/\/www.globaldata.pt\/blog\/wp-content\/uploads\/2025\/01\/AMD-Ryzen-AI-MAX-PRO-1536x758.gif 1536w\" sizes=\"auto, (max-width: 1024px) 100vw, 1024px\" \/><figcaption class=\"wp-element-caption\">Ryzen AI Max<br>Cr\u00e9dito Imagem: AMD<\/figcaption><\/figure>\n\n\n\n<div class=\"wp-block-group is-nowrap is-layout-flex wp-container-core-group-is-layout-6c531013 wp-block-group-is-layout-flex\">\n<div class=\"wp-block-group is-content-justification-center is-layout-constrained wp-block-group-is-layout-constrained\">\n<p>Com um desempenho equivalente ao de muitos desktops, os processadores Ryzen AI Max incluem at\u00e9 <strong>16 n\u00facleos<\/strong> <strong>Zen 5<\/strong>. De computa\u00e7\u00e3o gr\u00e1fica possuem at\u00e9 <strong>40 unidades AMD RDNA\u2122 3.5<\/strong> e uma <strong>Unidade de Processamento Neural (NPU)<\/strong> <strong>AMD XDNA\u2122 2<\/strong>, atinge at\u00e9 <strong>50 TOPS<\/strong> de processamento de IA.<\/p>\n<\/div>\n<\/div>\n<\/div>\n\n\n\n<hr class=\"wp-block-separator has-alpha-channel-opacity\" \/>\n\n\n\n<h3 class=\"wp-block-heading has-text-align-center\">Ryzen AI S\u00e9rie 300 e 300 Pro<\/h3>\n\n\n\n<p><br>Quanto \u00e0 nova linha <strong>Ryzen AI S\u00e9rie 300<\/strong>, os processadores apresentam at\u00e9 <strong>8 n\u00facleos<\/strong> <strong>Zen 5<\/strong> e a mais recente arquitetura gr\u00e1fica <strong>RDNA 3.5<\/strong>. Estes componentes trabalham em conjunto com uma <strong>NPU l\u00edder do setor<\/strong>, que por sua vez \u00e9 alimentada pela tecnologia <strong>AMD XDNA 2<\/strong>. Como resultado, prometem oferecer um <strong>desempenho at\u00e9 5x superior \u00e0 primeira gera\u00e7\u00e3o de NPU<\/strong>, a fim de proporcionar um aumento no poder de computa\u00e7\u00e3o para tarefas de <strong>intelig\u00eancia artificial (IA)<\/strong>.<\/p>\n\n\n\n<p><br>No que se refere \u00e0 produtividade empresarial, os novos <strong>Ryzen AI 7 PRO 350<\/strong> e <strong>Ryzen AI 5 PRO 340<\/strong> foram especialmente desenvolvidos para suportar a pr\u00f3xima gera\u00e7\u00e3o de <strong>experi\u00eancias Microsoft Copilot+<\/strong>. Vale ressaltar que, com um desempenho de AI de at\u00e9 <strong>50 TOPS de NPU<\/strong>, os processadores <strong>Ryzen AI S\u00e9rie 300 PRO<\/strong> garantem \u00e0s empresas a pot\u00eancia necess\u00e1ria para adotar uma for\u00e7a de trabalho <strong>habilitada por AI<\/strong>.<\/p>\n\n\n\n<figure class=\"wp-block-image aligncenter size-full\"><img decoding=\"async\" width=\"1024\" height=\"576\" src=\"https:\/\/www.globaldata.pt\/blog\/wp-content\/uploads\/2025\/01\/AMD-Ryzen-AI-New-SKUs-1024x576-1.webp\" alt=\"Ryzen AI Serie 300 e 300 PRO\" class=\"wp-image-12922\" \/ loading=\"lazy\" srcset=\"https:\/\/www.globaldata.pt\/blog\/wp-content\/uploads\/2025\/01\/AMD-Ryzen-AI-New-SKUs-1024x576-1.webp 1024w, https:\/\/www.globaldata.pt\/blog\/wp-content\/uploads\/2025\/01\/AMD-Ryzen-AI-New-SKUs-1024x576-1-300x169.webp 300w, https:\/\/www.globaldata.pt\/blog\/wp-content\/uploads\/2025\/01\/AMD-Ryzen-AI-New-SKUs-1024x576-1-768x432.webp 768w\" sizes=\"auto, (max-width: 1024px) 100vw, 1024px\" \/><figcaption class=\"wp-element-caption\">Ryzen AI Serie 300 e 300 PRO<br>Cr\u00e9dito Imagem: AMD<\/figcaption><\/figure>\n\n\n\n<p>Al\u00e9m disso, as tecnologias <strong>AMD PRO<\/strong> oferecem <strong>seguran\u00e7a e capacidade de gest\u00e3o excepcionais<\/strong>, o que as torna numa solu\u00e7\u00e3o ideal para neg\u00f3cios.<\/p>\n\n\n\n<hr class=\"wp-block-separator has-alpha-channel-opacity\" \/>\n\n\n\n<h3 class=\"wp-block-heading has-text-align-center\">Ryzen AI S\u00e9rie 200<\/h3>\n\n\n\n<p>A AMD est\u00e1 a levar o poder e a capacidade do Zen 4 para a infraestrutura FP8 com os novos processadores <strong>Ryzen S\u00e9rie 200<\/strong>. Focada em oferecer uma experi\u00eancia superior a profissionais, a linha <strong>Ryzen 200 PRO<\/strong> foi desenvolvida para garantir um desempenho eficiente e excecional.<\/p>\n\n\n\n<figure class=\"wp-block-image aligncenter size-full\"><img decoding=\"async\" width=\"1024\" height=\"600\" src=\"https:\/\/www.globaldata.pt\/blog\/wp-content\/uploads\/2025\/01\/tGrV72VLJM6APD4p-1024x600-1.jpg\" alt=\"Ryzen AI Serie 200\" class=\"wp-image-12927\" \/ loading=\"lazy\" srcset=\"https:\/\/www.globaldata.pt\/blog\/wp-content\/uploads\/2025\/01\/tGrV72VLJM6APD4p-1024x600-1.jpg 1024w, https:\/\/www.globaldata.pt\/blog\/wp-content\/uploads\/2025\/01\/tGrV72VLJM6APD4p-1024x600-1-300x176.jpg 300w, https:\/\/www.globaldata.pt\/blog\/wp-content\/uploads\/2025\/01\/tGrV72VLJM6APD4p-1024x600-1-768x450.jpg 768w\" sizes=\"auto, (max-width: 1024px) 100vw, 1024px\" \/><figcaption class=\"wp-element-caption\">Ryzen AI S\u00e9rie 200<br>Cr\u00e9dito Imagem: AMD<\/figcaption><\/figure>\n\n\n\n<p>Estes processadores s\u00e3o equipados com at\u00e9 <strong>8 n\u00facleos<\/strong> de CPU e <strong>16 threads<\/strong>, gr\u00e1ficos <strong>RDNA 3<\/strong> e at\u00e9 <strong>16 NPU TOPS<\/strong>. Esta combina\u00e7\u00e3o de caracter\u00edsticas garante um excelente desempenho de processamento de AI em aplica\u00e7\u00f5es profissionais, e ao mesmo tempo mant\u00e9m o desempenho sustentado e uma <strong>excelente autonomia de bateria<\/strong>.<\/p>\n\n\n\n<hr class=\"wp-block-separator has-alpha-channel-opacity\" \/>\n\n\n\n<h3 class=\"wp-block-heading has-text-align-center\"><a href=\"https:\/\/www.amd.com\/en\/products\/processors\/handhelds\/ryzen-z-series.html\" target=\"_blank\" rel=\"noreferrer noopener\">AMD Ryzen S\u00e9rie Z2<\/a><\/h3>\n\n\n\n<p>Focados em formatos port\u00e1teis, os novos processadores da s\u00e9rie <strong>Ryzen Z2<\/strong> prometem atrair mais fabricantes e trazer melhorias significativas na performance, software e autonomia de bateria. O modelo mais avan\u00e7ado da linha \u00e9 o <strong>Ryzen Z2 Extreme<\/strong>, que se destaca com <strong>8 n\u00facleos e 16 threads<\/strong>, acompanhado de <strong>24 MB de cache<\/strong> e um <strong>TDP (Thermal Design Power)<\/strong> vari\u00e1vel entre <strong>15W e 35W<\/strong>. Em termos gr\u00e1ficos, o Ryzen Z2 Extreme conta com 16 n\u00facleos.<\/p>\n\n\n\n<figure class=\"wp-block-image aligncenter size-large\"><img decoding=\"async\" width=\"1024\" height=\"576\" src=\"https:\/\/www.globaldata.pt\/blog\/wp-content\/uploads\/2025\/01\/Ryzen-Z2-1024x576.jpeg\" alt=\"AMD Ryzen Z2\" class=\"wp-image-12928\" \/ loading=\"lazy\" srcset=\"https:\/\/www.globaldata.pt\/blog\/wp-content\/uploads\/2025\/01\/Ryzen-Z2-1024x576.jpeg 1024w, https:\/\/www.globaldata.pt\/blog\/wp-content\/uploads\/2025\/01\/Ryzen-Z2-300x169.jpeg 300w, https:\/\/www.globaldata.pt\/blog\/wp-content\/uploads\/2025\/01\/Ryzen-Z2-768x432.jpeg 768w, https:\/\/www.globaldata.pt\/blog\/wp-content\/uploads\/2025\/01\/Ryzen-Z2-1536x864.jpeg 1536w, https:\/\/www.globaldata.pt\/blog\/wp-content\/uploads\/2025\/01\/Ryzen-Z2.jpeg 1920w\" sizes=\"auto, (max-width: 1024px) 100vw, 1024px\" \/><figcaption class=\"wp-element-caption\">Ryzen Z2<br>Cr\u00e9dito Imagem: AMD<\/figcaption><\/figure>\n\n\n\n<div class=\"wp-block-group is-nowrap is-layout-flex wp-container-core-group-is-layout-6c531013 wp-block-group-is-layout-flex\">\n<p>Estas melhorias tornam os novos processadores uma escolha promissora para fabricantes de dispositivos port\u00e1teis, ao fornecer uma combina\u00e7\u00e3o poderosa de desempenho e efici\u00eancia energ\u00e9tica.<\/p>\n<\/div>\n\n\n\n<hr class=\"wp-block-separator has-alpha-channel-opacity\" \/>\n\n\n\n<h2 class=\"wp-block-heading has-text-align-center\">Nova Arquitetura Gr\u00e1fica AMD<\/h2>\n\n\n\n<h3 class=\"wp-block-heading has-text-align-center\">O que sabemos sobre as novas RX 9000?<\/h3>\n\n\n\n<figure class=\"wp-block-image aligncenter size-large\"><img decoding=\"async\" width=\"1024\" height=\"579\" src=\"https:\/\/www.globaldata.pt\/blog\/wp-content\/uploads\/2025\/01\/01mP4xPyKGDZe2XIB1XnBSw-1-1024x579.png\" alt=\"AMD Radeon RX 9000\" class=\"wp-image-12931\" \/ loading=\"lazy\" srcset=\"https:\/\/www.globaldata.pt\/blog\/wp-content\/uploads\/2025\/01\/01mP4xPyKGDZe2XIB1XnBSw-1-1024x579.png 1024w, https:\/\/www.globaldata.pt\/blog\/wp-content\/uploads\/2025\/01\/01mP4xPyKGDZe2XIB1XnBSw-1-300x170.png 300w, https:\/\/www.globaldata.pt\/blog\/wp-content\/uploads\/2025\/01\/01mP4xPyKGDZe2XIB1XnBSw-1-768x434.png 768w, https:\/\/www.globaldata.pt\/blog\/wp-content\/uploads\/2025\/01\/01mP4xPyKGDZe2XIB1XnBSw-1-1536x869.png 1536w, https:\/\/www.globaldata.pt\/blog\/wp-content\/uploads\/2025\/01\/01mP4xPyKGDZe2XIB1XnBSw-1-2048x1159.png 2048w\" sizes=\"auto, (max-width: 1024px) 100vw, 1024px\" \/><figcaption class=\"wp-element-caption\">Cr\u00e9dito Imagem: AMD<\/figcaption><\/figure>\n\n\n\n<p>A AMD nesta CES anunciou as novas placas gr\u00e1ficas <strong>Radeon RX 9000<\/strong>, contudo f\u00ea-lo sem fornecer quaisquer especifica\u00e7\u00f5es, n\u00fameros de desempenho, pre\u00e7os ou data de lan\u00e7amento, indicando apenas \u201c1\u00ba trimestre de 2025\u201d. Foi uma surpresa, dado que muitos esperavam detalhes completos dos produtos no lan\u00e7amento da <strong>arquitectura RDNA 4<\/strong>.<\/p>\n\n\n\n<div class=\"wp-block-group is-nowrap is-layout-flex wp-container-core-group-is-layout-6c531013 wp-block-group-is-layout-flex\">\n<p>Notavelmente, estas placas gr\u00e1ficas destacam-se por incorporar <strong>segunda gera\u00e7\u00e3o de aceleradores de intelig\u00eancia artificial (IA)<\/strong> e pela <strong>terceira gera\u00e7\u00e3o de unidades dedicadas ao Ray Tracing<\/strong>, o que oferece um desempenho superior em gr\u00e1ficos. Adicionalmente, ambas s\u00e3o compat\u00edveis com a melhorada tecnologia <strong>FidelityFX<\/strong> <strong>Super Resolution 4<\/strong>, que proporciona uma experi\u00eancia visual melhorada e mais fluida.<\/p>\n<\/div>\n\n\n\n<figure class=\"wp-block-image aligncenter size-large\"><img decoding=\"async\" width=\"1024\" height=\"576\" src=\"https:\/\/www.globaldata.pt\/blog\/wp-content\/uploads\/2025\/01\/2025-01-06_13-09-56-1024x576.png\" alt=\"Arquitetura AMD RDNA 4\" class=\"wp-image-12937\" \/ loading=\"lazy\" srcset=\"https:\/\/www.globaldata.pt\/blog\/wp-content\/uploads\/2025\/01\/2025-01-06_13-09-56-1024x576.png 1024w, https:\/\/www.globaldata.pt\/blog\/wp-content\/uploads\/2025\/01\/2025-01-06_13-09-56-300x169.png 300w, https:\/\/www.globaldata.pt\/blog\/wp-content\/uploads\/2025\/01\/2025-01-06_13-09-56-768x432.png 768w, https:\/\/www.globaldata.pt\/blog\/wp-content\/uploads\/2025\/01\/2025-01-06_13-09-56-1536x864.png 1536w, https:\/\/www.globaldata.pt\/blog\/wp-content\/uploads\/2025\/01\/2025-01-06_13-09-56-2048x1152.png 2048w\" sizes=\"auto, (max-width: 1024px) 100vw, 1024px\" \/><figcaption class=\"wp-element-caption\">Cr\u00e9dito Imagem: AMD<\/figcaption><\/figure>\n\n\n\n<p>Introduziu, tamb\u00e9m, uma altera\u00e7\u00e3o na nomea\u00e7\u00e3o da sua linha de placas gr\u00e1ficas, ao colocar o &#8220;7&#8221; (equivalente \u00e0 gama), no terceiro d\u00edgito, em vez do segundo como era habitual. Esta mudan\u00e7a assimila a identifica\u00e7\u00e3o das placas com a linha da concorrente da NVIDIA, e a RX 9070 em teoria estar\u00e1 em competi\u00e7\u00e3o direta com a RTX 5070 anunciada da Nvidia.<\/p>\n\n\n\n<figure class=\"wp-block-image aligncenter size-large\"><img decoding=\"async\" width=\"1024\" height=\"573\" src=\"https:\/\/www.globaldata.pt\/blog\/wp-content\/uploads\/2025\/01\/01mP4xPyKGDZe2XIB1XnBSw-2-1024x573.png\" alt=\"Branding RDNA 4\" class=\"wp-image-12943\" \/ loading=\"lazy\" srcset=\"https:\/\/www.globaldata.pt\/blog\/wp-content\/uploads\/2025\/01\/01mP4xPyKGDZe2XIB1XnBSw-2-1024x573.png 1024w, https:\/\/www.globaldata.pt\/blog\/wp-content\/uploads\/2025\/01\/01mP4xPyKGDZe2XIB1XnBSw-2-300x168.png 300w, https:\/\/www.globaldata.pt\/blog\/wp-content\/uploads\/2025\/01\/01mP4xPyKGDZe2XIB1XnBSw-2-768x429.png 768w, https:\/\/www.globaldata.pt\/blog\/wp-content\/uploads\/2025\/01\/01mP4xPyKGDZe2XIB1XnBSw-2-1536x859.png 1536w, https:\/\/www.globaldata.pt\/blog\/wp-content\/uploads\/2025\/01\/01mP4xPyKGDZe2XIB1XnBSw-2-2048x1145.png 2048w\" sizes=\"auto, (max-width: 1024px) 100vw, 1024px\" \/><figcaption class=\"wp-element-caption\"><br>Cr\u00e9dito Imagem: AMD<\/figcaption><\/figure>\n\n\n\n<div class=\"wp-block-buttons is-content-justification-center is-layout-flex wp-container-core-buttons-is-layout-a89b3969 wp-block-buttons-is-layout-flex\">\n<div class=\"wp-block-button is-style-outline is-style-outline--3\"><a class=\"wp-block-button__link has-black-color has-luminous-vivid-amber-background-color has-text-color has-background has-link-color wp-element-button\" href=\"https:\/\/www.globaldata.pt\/componentes\/placas-graficas\/amd?sort=new_label_desc\" style=\"border-radius:7px\" target=\"_blank\" rel=\"noreferrer noopener\"><strong>Placas Gr\u00e1ficas<\/strong><\/a><\/div>\n<\/div>\n\n\n\n<hr class=\"wp-block-separator has-alpha-channel-opacity\" \/>\n\n\n\n<h3 class=\"wp-block-heading has-text-align-left\">Disponibilidade para cada lan\u00e7amento<br><\/h3>\n\n\n\n<ul class=\"wp-block-list\">\n<li>AMD Ryzen 9 9950X3D e 9900X3D: <strong>1\u00ba trimestre de 2025<\/strong><\/li>\n\n\n\n<li>AMD Ryzen 9 9955HX3D, 9955HX e 9850HX: <strong>1\u00ba semestre de 2025<\/strong><\/li>\n\n\n\n<li>AMD Ryzen AI 7 350 e Ryzen AI 5 340: <strong>1\u00ba trimestre de 2025<\/strong><\/li>\n\n\n\n<li>AMD Ryzen AI PRO 7 350 e Ryzen AI PRO 5 340: <strong>2\u00ba trimestre de 2025<\/strong><\/li>\n\n\n\n<li>AMD Ryzen AI Max Series: <strong>entre 1\u00ba e 2\u00ba trimestre de 2025<\/strong><\/li>\n\n\n\n<li>AMD Ryzen 200 Series: <strong>2\u00ba trimestre de 2025<\/strong><\/li>\n\n\n\n<li>AMD Ryzen Z2, Z2 Extreme e Z2 Go: <strong>1\u00ba trimestre de 2025<\/strong><\/li>\n\n\n\n<li>AMD Radeon RX 9000: <strong>1\u00ba trimestre de 2025<\/strong><\/li>\n<\/ul>\n\n\n\n<p>Resumindo, n\u00f3s gostariamos de saber o que achaste TU da AMD na CES 2025. Diz-nos nos coment\u00e1rios.<br><br>Todos estes componentes estar\u00e3o dispon\u00edveis em breve na&nbsp;<a href=\"https:\/\/www.globaldata.pt\/\" target=\"_blank\" rel=\"noreferrer noopener\">Globaldata<\/a>.<\/p>\n","protected":false},"excerpt":{"rendered":"<p>AMD: Um novo n&iacute;vel de performance Na CES 2025, a AMD surpreendeu o mercado com uma apresenta&ccedil;&atilde;o focada em inova&ccedil;&atilde;o e performance. O principal destaque recaiu sobre a nova linha de processadores, que promete elevar significativamente os padr&otilde;es da ind&uacute;stria. Al&eacute;m disso, durante o evento, a AMD despertou grande interesse ao anunciar as pr&oacute;ximas tecnologias [&hellip;]<\/p>\n","protected":false},"author":39,"featured_media":12979,"comment_status":"open","ping_status":"open","sticky":false,"template":"","format":"standard","meta":{"footnotes":""},"categories":[1451,1464,1847],"tags":[1453,1881,1499,1579,1497,1630,1676,1880,1879,1878],"class_list":["post-12611","post","type-post","status-publish","format-standard","has-post-thumbnail","hentry","category-noticias","category-featured-small","category-tudo","tag-amd","tag-ces-2025","tag-gaming","tag-hardware","tag-noticias","tag-placas-graficas","tag-processadores","tag-radeon-rx-9000","tag-ryzen-9-9900x3d","tag-ryzen-9-9950x3d"],"yoast_head":"<!-- This site is optimized with the Yoast SEO plugin v27.4 - https:\/\/yoast.com\/product\/yoast-seo-wordpress\/ -->\n<title>AMD CES 2025: Melhoria de tudo o que j\u00e1 tinha de bom - Globaldata Blog<\/title>\n<meta name=\"description\" content=\"Na CES 2025, a AMD surpreendeu o mercado com uma apresenta\u00e7\u00e3o focada em inova\u00e7\u00e3o e performance. Conhece os novos 9950X3D e 9900X3D.\" \/>\n<meta name=\"robots\" content=\"index, follow, max-snippet:-1, max-image-preview:large, max-video-preview:-1\" \/>\n<link rel=\"canonical\" href=\"https:\/\/www.globaldata.pt\/blog\/amd-ces-2025-melhora-tudo-o-que-ja-tinha-de-bom\/\" \/>\n<meta property=\"og:locale\" content=\"pt_PT\" \/>\n<meta property=\"og:type\" content=\"article\" \/>\n<meta property=\"og:title\" content=\"AMD CES 2025: Melhoria de tudo o que j\u00e1 tinha de bom - Globaldata Blog\" \/>\n<meta property=\"og:description\" content=\"Na CES 2025, a AMD surpreendeu o mercado com uma apresenta\u00e7\u00e3o focada em inova\u00e7\u00e3o e performance. Conhece os novos 9950X3D e 9900X3D.\" \/>\n<meta property=\"og:url\" content=\"https:\/\/www.globaldata.pt\/blog\/amd-ces-2025-melhora-tudo-o-que-ja-tinha-de-bom\/\" \/>\n<meta property=\"og:site_name\" content=\"Globaldata Blog\" \/>\n<meta property=\"article:published_time\" content=\"2025-01-10T17:46:54+00:00\" \/>\n<meta property=\"article:modified_time\" content=\"2025-06-18T15:53:28+00:00\" \/>\n<meta property=\"og:image\" content=\"https:\/\/www.globaldata.pt\/blog\/wp-content\/uploads\/2025\/01\/maxresdefault.jpg\" \/>\n\t<meta property=\"og:image:width\" content=\"1280\" \/>\n\t<meta property=\"og:image:height\" content=\"720\" \/>\n\t<meta property=\"og:image:type\" content=\"image\/jpeg\" \/>\n<meta name=\"author\" content=\"Jo\u00e3o Marmelo\" \/>\n<meta name=\"twitter:label1\" content=\"Escrito por\" \/>\n\t<meta name=\"twitter:data1\" content=\"Jo\u00e3o Marmelo\" \/>\n\t<meta name=\"twitter:label2\" content=\"Tempo estimado de leitura\" \/>\n\t<meta name=\"twitter:data2\" content=\"11 minutos\" \/>\n<!-- \/ Yoast SEO plugin. -->","yoast_head_json":{"title":"AMD CES 2025: Melhoria de tudo o que j\u00e1 tinha de bom - Globaldata Blog","description":"Na CES 2025, a AMD surpreendeu o mercado com uma apresenta\u00e7\u00e3o focada em inova\u00e7\u00e3o e performance. Conhece os novos 9950X3D e 9900X3D.","robots":{"index":"index","follow":"follow","max-snippet":"max-snippet:-1","max-image-preview":"max-image-preview:large","max-video-preview":"max-video-preview:-1"},"canonical":"https:\/\/www.globaldata.pt\/blog\/amd-ces-2025-melhora-tudo-o-que-ja-tinha-de-bom\/","og_locale":"pt_PT","og_type":"article","og_title":"AMD CES 2025: Melhoria de tudo o que j\u00e1 tinha de bom - Globaldata Blog","og_description":"Na CES 2025, a AMD surpreendeu o mercado com uma apresenta\u00e7\u00e3o focada em inova\u00e7\u00e3o e performance. Conhece os novos 9950X3D e 9900X3D.","og_url":"https:\/\/www.globaldata.pt\/blog\/amd-ces-2025-melhora-tudo-o-que-ja-tinha-de-bom\/","og_site_name":"Globaldata Blog","article_published_time":"2025-01-10T17:46:54+00:00","article_modified_time":"2025-06-18T15:53:28+00:00","og_image":[{"width":1280,"height":720,"url":"https:\/\/www.globaldata.pt\/blog\/wp-content\/uploads\/2025\/01\/maxresdefault.jpg","type":"image\/jpeg"}],"author":"Jo\u00e3o Marmelo","twitter_misc":{"Escrito por":"Jo\u00e3o Marmelo","Tempo estimado de leitura":"11 minutos"},"schema":{"@context":"https:\/\/schema.org","@graph":[{"@type":"Article","@id":"https:\/\/www.globaldata.pt\/blog\/amd-ces-2025-melhora-tudo-o-que-ja-tinha-de-bom\/#article","isPartOf":{"@id":"https:\/\/www.globaldata.pt\/blog\/amd-ces-2025-melhora-tudo-o-que-ja-tinha-de-bom\/"},"author":{"name":"Jo\u00e3o Marmelo","@id":"https:\/\/www.globaldata.pt\/blog\/#\/schema\/person\/7ca9d051ea3922d4e41a6b2e62c14433"},"headline":"AMD CES 2025: Melhoria de tudo o que j\u00e1 tinha de bom","datePublished":"2025-01-10T17:46:54+00:00","dateModified":"2025-06-18T15:53:28+00:00","mainEntityOfPage":{"@id":"https:\/\/www.globaldata.pt\/blog\/amd-ces-2025-melhora-tudo-o-que-ja-tinha-de-bom\/"},"wordCount":1500,"commentCount":2,"publisher":{"@id":"https:\/\/www.globaldata.pt\/blog\/#organization"},"image":{"@id":"https:\/\/www.globaldata.pt\/blog\/amd-ces-2025-melhora-tudo-o-que-ja-tinha-de-bom\/#primaryimage"},"thumbnailUrl":"https:\/\/www.globaldata.pt\/blog\/wp-content\/uploads\/2025\/01\/maxresdefault.jpg","keywords":["amd","ces 2025","Gaming","Hardware","Not\u00edcias","Placas Gr\u00e1ficas","Processadores","Radeon RX 9000","Ryzen 9 9900X3D","Ryzen 9 9950X3D"],"articleSection":["Not\u00edcias","Posts em destaque 2","Todos os Artigos"],"inLanguage":"pt-PT","potentialAction":[{"@type":"CommentAction","name":"Comment","target":["https:\/\/www.globaldata.pt\/blog\/amd-ces-2025-melhora-tudo-o-que-ja-tinha-de-bom\/#respond"]}]},{"@type":"WebPage","@id":"https:\/\/www.globaldata.pt\/blog\/amd-ces-2025-melhora-tudo-o-que-ja-tinha-de-bom\/","url":"https:\/\/www.globaldata.pt\/blog\/amd-ces-2025-melhora-tudo-o-que-ja-tinha-de-bom\/","name":"AMD CES 2025: Melhoria de tudo o que j\u00e1 tinha de bom - Globaldata Blog","isPartOf":{"@id":"https:\/\/www.globaldata.pt\/blog\/#website"},"primaryImageOfPage":{"@id":"https:\/\/www.globaldata.pt\/blog\/amd-ces-2025-melhora-tudo-o-que-ja-tinha-de-bom\/#primaryimage"},"image":{"@id":"https:\/\/www.globaldata.pt\/blog\/amd-ces-2025-melhora-tudo-o-que-ja-tinha-de-bom\/#primaryimage"},"thumbnailUrl":"https:\/\/www.globaldata.pt\/blog\/wp-content\/uploads\/2025\/01\/maxresdefault.jpg","datePublished":"2025-01-10T17:46:54+00:00","dateModified":"2025-06-18T15:53:28+00:00","description":"Na CES 2025, a AMD surpreendeu o mercado com uma apresenta\u00e7\u00e3o focada em inova\u00e7\u00e3o e performance. Conhece os novos 9950X3D e 9900X3D.","breadcrumb":{"@id":"https:\/\/www.globaldata.pt\/blog\/amd-ces-2025-melhora-tudo-o-que-ja-tinha-de-bom\/#breadcrumb"},"inLanguage":"pt-PT","potentialAction":[{"@type":"ReadAction","target":["https:\/\/www.globaldata.pt\/blog\/amd-ces-2025-melhora-tudo-o-que-ja-tinha-de-bom\/"]}]},{"@type":"ImageObject","inLanguage":"pt-PT","@id":"https:\/\/www.globaldata.pt\/blog\/amd-ces-2025-melhora-tudo-o-que-ja-tinha-de-bom\/#primaryimage","url":"https:\/\/www.globaldata.pt\/blog\/wp-content\/uploads\/2025\/01\/maxresdefault.jpg","contentUrl":"https:\/\/www.globaldata.pt\/blog\/wp-content\/uploads\/2025\/01\/maxresdefault.jpg","width":1280,"height":720},{"@type":"BreadcrumbList","@id":"https:\/\/www.globaldata.pt\/blog\/amd-ces-2025-melhora-tudo-o-que-ja-tinha-de-bom\/#breadcrumb","itemListElement":[{"@type":"ListItem","position":1,"name":"P\u00e1gina inicial","item":"https:\/\/www.globaldata.pt\/blog\/"},{"@type":"ListItem","position":2,"name":"Todos os Artigos","item":"https:\/\/www.globaldata.pt\/blog\/category\/tudo\/"},{"@type":"ListItem","position":3,"name":"AMD CES 2025: Melhoria de tudo o que j\u00e1 tinha de bom"}]},{"@type":"WebSite","@id":"https:\/\/www.globaldata.pt\/blog\/#website","url":"https:\/\/www.globaldata.pt\/blog\/","name":"Globaldata Blog","description":"\u2013 Inform\u00e1tica e Tecnologia \u2013 Blog de not\u00edcias, dicas e an\u00e1lises sobre inform\u00e1tica e tecnologia - hardware, mobile e gaming.","publisher":{"@id":"https:\/\/www.globaldata.pt\/blog\/#organization"},"potentialAction":[{"@type":"SearchAction","target":{"@type":"EntryPoint","urlTemplate":"https:\/\/www.globaldata.pt\/blog\/?s={search_term_string}"},"query-input":{"@type":"PropertyValueSpecification","valueRequired":true,"valueName":"search_term_string"}}],"inLanguage":"pt-PT"},{"@type":"Organization","@id":"https:\/\/www.globaldata.pt\/blog\/#organization","name":"Caseking GmbH","url":"https:\/\/www.globaldata.pt\/blog\/","logo":{"@type":"ImageObject","inLanguage":"pt-PT","@id":"https:\/\/www.globaldata.pt\/blog\/#\/schema\/logo\/image\/","url":"","contentUrl":"","caption":"Caseking GmbH"},"image":{"@id":"https:\/\/www.globaldata.pt\/blog\/#\/schema\/logo\/image\/"}},{"@type":"Person","@id":"https:\/\/www.globaldata.pt\/blog\/#\/schema\/person\/7ca9d051ea3922d4e41a6b2e62c14433","name":"Jo\u00e3o Marmelo","image":{"@type":"ImageObject","inLanguage":"pt-PT","@id":"https:\/\/secure.gravatar.com\/avatar\/18d548ca5bff2d25d92c4ba0cf34f2e37891829ecb19930216e59a17c7b789d6?s=96&d=mm&r=g","url":"https:\/\/secure.gravatar.com\/avatar\/18d548ca5bff2d25d92c4ba0cf34f2e37891829ecb19930216e59a17c7b789d6?s=96&d=mm&r=g","contentUrl":"https:\/\/secure.gravatar.com\/avatar\/18d548ca5bff2d25d92c4ba0cf34f2e37891829ecb19930216e59a17c7b789d6?s=96&d=mm&r=g","caption":"Jo\u00e3o Marmelo"},"description":"Licenciado em Design e Especialista em Multim\u00e9dia - Gamer desde a \u00e9poca dos ic\u00f3nicos Uncharted 3 e Assassin's Creed Revelations. Apaixonado por Design, Fotografia e Motorsports.","url":"https:\/\/www.globaldata.pt\/blog\/author\/jmarmelo\/"}]}},"_links":{"self":[{"href":"https:\/\/www.globaldata.pt\/blog\/wp-json\/wp\/v2\/posts\/12611","targetHints":{"allow":["GET"]}}],"collection":[{"href":"https:\/\/www.globaldata.pt\/blog\/wp-json\/wp\/v2\/posts"}],"about":[{"href":"https:\/\/www.globaldata.pt\/blog\/wp-json\/wp\/v2\/types\/post"}],"author":[{"embeddable":true,"href":"https:\/\/www.globaldata.pt\/blog\/wp-json\/wp\/v2\/users\/39"}],"replies":[{"embeddable":true,"href":"https:\/\/www.globaldata.pt\/blog\/wp-json\/wp\/v2\/comments?post=12611"}],"version-history":[{"count":168,"href":"https:\/\/www.globaldata.pt\/blog\/wp-json\/wp\/v2\/posts\/12611\/revisions"}],"predecessor-version":[{"id":16807,"href":"https:\/\/www.globaldata.pt\/blog\/wp-json\/wp\/v2\/posts\/12611\/revisions\/16807"}],"wp:featuredmedia":[{"embeddable":true,"href":"https:\/\/www.globaldata.pt\/blog\/wp-json\/wp\/v2\/media\/12979"}],"wp:attachment":[{"href":"https:\/\/www.globaldata.pt\/blog\/wp-json\/wp\/v2\/media?parent=12611"}],"wp:term":[{"taxonomy":"category","embeddable":true,"href":"https:\/\/www.globaldata.pt\/blog\/wp-json\/wp\/v2\/categories?post=12611"},{"taxonomy":"post_tag","embeddable":true,"href":"https:\/\/www.globaldata.pt\/blog\/wp-json\/wp\/v2\/tags?post=12611"}],"curies":[{"name":"wp","href":"https:\/\/api.w.org\/{rel}","templated":true}]}}