{"id":6623,"date":"2021-05-11T14:06:52","date_gmt":"2021-05-11T13:06:52","guid":{"rendered":"https:\/\/blog.globaldata.pt\/?p=6623"},"modified":"2025-01-22T21:54:52","modified_gmt":"2025-01-22T21:54:52","slug":"crise-dos-semicondutores-falta-de-stock","status":"publish","type":"post","link":"https:\/\/www.globaldata.pt\/blog\/crise-dos-semicondutores-falta-de-stock\/","title":{"rendered":"A crise dos semicondutores: quando \u00e9 que os stocks v\u00e3o voltar ao normal?"},"content":{"rendered":"\n<p>H\u00e1 cerca de dois meses, explic\u00e1mos o porqu\u00ea do <a href=\"https:\/\/blog.globaldata.pt\/aumento-dos-precos-placas-graficas\/\">aumento do pre\u00e7o das placas gr\u00e1ficas e da falta de stock<\/a>. Como foi previsto na altura, a escassez de semicondutores continua e a situa\u00e7\u00e3o mant\u00e9m-se complicada para quem quer fazer um upgrade ao computador\u2026 e n\u00e3o s\u00f3.<\/p>\n\n\n\n<div class=\"wp-block-image\"><figure class=\"aligncenter size-large is-resized\"><img decoding=\"async\" src=\"https:\/\/blog.globaldata.pt\/wp-content\/uploads\/2021\/05\/infralist-com-Sc1GJCninik-unsplash-1024x576.jpg\" alt=\"Close-up de semicondutor\" class=\"wp-image-6626\" width=\"582\" height=\"327\"\/ loading=\"lazy\" srcset=\"https:\/\/www.globaldata.pt\/blog\/wp-content\/uploads\/2021\/05\/infralist-com-Sc1GJCninik-unsplash-1024x576.jpg 1024w, https:\/\/www.globaldata.pt\/blog\/wp-content\/uploads\/2021\/05\/infralist-com-Sc1GJCninik-unsplash-300x169.jpg 300w, https:\/\/www.globaldata.pt\/blog\/wp-content\/uploads\/2021\/05\/infralist-com-Sc1GJCninik-unsplash-768x432.jpg 768w, https:\/\/www.globaldata.pt\/blog\/wp-content\/uploads\/2021\/05\/infralist-com-Sc1GJCninik-unsplash-1536x864.jpg 1536w, https:\/\/www.globaldata.pt\/blog\/wp-content\/uploads\/2021\/05\/infralist-com-Sc1GJCninik-unsplash-2048x1152.jpg 2048w, https:\/\/www.globaldata.pt\/blog\/wp-content\/uploads\/2021\/05\/infralist-com-Sc1GJCninik-unsplash-462x260.jpg 462w\" sizes=\"auto, (max-width: 582px) 100vw, 582px\" \/><\/figure><\/div>\n\n\n\n<p>Mas, quase a meio de 2021, a vida n\u00e3o continua f\u00e1cil para os gamers. Ser\u00e1 que h\u00e1 um fim \u00e0 vista para esta escassez? Quais as raz\u00f5es e o que mais est\u00e1 a ser afetado? Explicamos-te tudo.&nbsp;<\/p>\n\n\n\n<h2 class=\"wp-block-heading\"><strong>Problemas de produ\u00e7\u00e3o\u2026 ainda<\/strong><\/h2>\n\n\n\n<p>Talvez n\u00e3o seja novidade, mas a falta de stock de semicondutores come\u00e7a logo no in\u00edcio da cadeia de produ\u00e7\u00e3o. <\/p>\n\n\n\n<p>Muito resumidamente, o que aconteceu (e cujos impactos ainda se sentem nos dias de hoje) foi mais ou menos isto: a pandemia levou a que os fabricantes cancelassem as suas encomendas de semicondutores e as f\u00e1bricas de chips reduziram a produ\u00e7\u00e3o. Por sua vez, a popula\u00e7\u00e3o confinada come\u00e7ou a comprar mais tecnologia (para entretenimento e para trabalhar a partir de casa) e os fabricantes voltaram a encomendar mais semicondutores.<\/p>\n\n\n\n<p>O problema foi que, uma vez que as linhas de produ\u00e7\u00e3o tinham sido reduzidas, as poucas f\u00e1bricas de semicondutores n\u00e3o foram (e ainda n\u00e3o s\u00e3o) capazes de preencher todas as encomendas.<\/p>\n\n\n\n<figure class=\"wp-block-image size-large is-resized\"><img decoding=\"async\" src=\"https:\/\/blog.globaldata.pt\/wp-content\/uploads\/2021\/05\/vishnu-mohanan-yQpAaMsQzYE-unsplash-1024x725.jpg\" alt=\"Close-up de semicondutor\" class=\"wp-image-6625\" width=\"581\" height=\"412\"\/ loading=\"lazy\" srcset=\"https:\/\/www.globaldata.pt\/blog\/wp-content\/uploads\/2021\/05\/vishnu-mohanan-yQpAaMsQzYE-unsplash-1024x725.jpg 1024w, https:\/\/www.globaldata.pt\/blog\/wp-content\/uploads\/2021\/05\/vishnu-mohanan-yQpAaMsQzYE-unsplash-300x212.jpg 300w, https:\/\/www.globaldata.pt\/blog\/wp-content\/uploads\/2021\/05\/vishnu-mohanan-yQpAaMsQzYE-unsplash-768x544.jpg 768w, https:\/\/www.globaldata.pt\/blog\/wp-content\/uploads\/2021\/05\/vishnu-mohanan-yQpAaMsQzYE-unsplash-1536x1087.jpg 1536w, https:\/\/www.globaldata.pt\/blog\/wp-content\/uploads\/2021\/05\/vishnu-mohanan-yQpAaMsQzYE-unsplash-2048x1450.jpg 2048w, https:\/\/www.globaldata.pt\/blog\/wp-content\/uploads\/2021\/05\/vishnu-mohanan-yQpAaMsQzYE-unsplash-462x327.jpg 462w\" sizes=\"auto, (max-width: 581px) 100vw, 581px\" \/><\/figure>\n\n\n\n<p>Uma das raz\u00f5es para esta incapacidade de preencher as encomendas \u00e9 o <em><a href=\"https:\/\/qz.com\/2004569\/the-global-chip-shortage-can-be-explained-by-the-bullwhip-effect\/\">efeito chicote<\/a><\/em> \u2014 ao longo de uma cadeia de produ\u00e7\u00e3o, existe uma distor\u00e7\u00e3o da perce\u00e7\u00e3o da procura. Visto que \u00e9 imposs\u00edvel prever a procura futura, os fabricantes acabam por encomendar mais materiais do que os imediatamente necess\u00e1rios, e este efeito repercute-se ao longo de toda a cadeia. Rapidamente, as encomendas de mat\u00e9rias-primas tornam-se muito maiores do que a quantidade verdadeiramente necess\u00e1ria, levando \u00e0 impossibilidade de produzir as quantidades pretendidas.<\/p>\n\n\n\n<h3 class=\"wp-block-heading\"><strong>Falta de semicondutores para placas gr\u00e1ficas e n\u00e3o s\u00f3<\/strong><\/h3>\n\n\n\n<p>Ainda que os <em>gamers<\/em> sejam maioritariamente afetados pela falta de stock de placas gr\u00e1ficas, a falta de semicondutores afeta muitos mais do que aqueles que esperam pelo stock das <a href=\"https:\/\/www.globaldata.pt\/?query=rtx%252030&amp;placagrafica%5B%5D=GeForce%2520RTX%25203090&amp;placagrafica%5B%5D=GeForce%2520RTX%25203080&amp;placagrafica%5B%5D=GeForce%2520RTX%25203070&amp;placagrafica%5B%5D=GeForce%2520RTX%25203060&amp;placagrafica%5B%5D=GeForce%2520RTX%25203060%2520Ti\">Nvidia RTX 30<\/a> ou das <a href=\"https:\/\/www.globaldata.pt\/?query=rx%25206000\">AMD RX 6000<\/a>.<\/p>\n\n\n\n<p>A Samsung anunciou que existe uma possibilidade de saltar o lan\u00e7amento do <em>Galaxy Note<\/em> <em>21<\/em>, devido \u00e0 falta de chips. Para al\u00e9m disso, a falta de sil\u00edcio tamb\u00e9m est\u00e1 a afetar a produ\u00e7\u00e3o de televisores da gigante sul-coreana e da LG.<\/p>\n\n\n\n<div class=\"wp-block-image\"><figure class=\"aligncenter size-large is-resized\"><img decoding=\"async\" src=\"https:\/\/blog.globaldata.pt\/wp-content\/uploads\/2021\/05\/anh-nhat-uCqMa_s-JDg-unsplash-1024x683.jpg\" alt=\"A Samsung pode n\u00e3o vir a lan\u00e7ar o Note 21 devido \u00e0 falta de semicondutores. O Galaxy S21 Ultra \u00e9 o flagship mais recente da marca sul-coreana. \" class=\"wp-image-6627\" width=\"580\" height=\"387\"\/ loading=\"lazy\" srcset=\"https:\/\/www.globaldata.pt\/blog\/wp-content\/uploads\/2021\/05\/anh-nhat-uCqMa_s-JDg-unsplash-1024x683.jpg 1024w, https:\/\/www.globaldata.pt\/blog\/wp-content\/uploads\/2021\/05\/anh-nhat-uCqMa_s-JDg-unsplash-300x200.jpg 300w, https:\/\/www.globaldata.pt\/blog\/wp-content\/uploads\/2021\/05\/anh-nhat-uCqMa_s-JDg-unsplash-768x512.jpg 768w, https:\/\/www.globaldata.pt\/blog\/wp-content\/uploads\/2021\/05\/anh-nhat-uCqMa_s-JDg-unsplash-1536x1024.jpg 1536w, https:\/\/www.globaldata.pt\/blog\/wp-content\/uploads\/2021\/05\/anh-nhat-uCqMa_s-JDg-unsplash-2048x1365.jpg 2048w, https:\/\/www.globaldata.pt\/blog\/wp-content\/uploads\/2021\/05\/anh-nhat-uCqMa_s-JDg-unsplash-462x308.jpg 462w\" sizes=\"auto, (max-width: 580px) 100vw, 580px\" \/><figcaption>A Samsung pode n\u00e3o vir a lan\u00e7ar o Galaxy Note 21 devido \u00e0 falta de semicondutores. O <a href=\"https:\/\/www.globaldata.pt\/?query=s21%2520ultra\">Galaxy S21 Ultra<\/a> \u00e9 o <em>flagship<\/em> mais recente.<\/figcaption><\/figure><\/div>\n\n\n\n<p>Mas <a href=\"https:\/\/www.cnbc.com\/2021\/05\/07\/chip-shortage-is-starting-to-have-major-real-world-consequences.html\">n\u00e3o s\u00e3o s\u00f3 os produtos <em>high-tech<\/em> que s\u00e3o afetados pelas quebras de stock de semicondutores<\/a>. Hoje em dia, at\u00e9 a maior parte dos eletrodom\u00e9sticos necessita de processadores para fun\u00e7\u00f5es relativamente b\u00e1sicas, como permitir a uma m\u00e1quina de lavar detetar o peso da roupa no interior. Produtos simples, como escovas de dentes el\u00e9tricas e torradeiras inteligentes, tamb\u00e9m foram afetados pela falta de semicondutores, o que levou ao aumento dos pre\u00e7os ou \u00e0 indisponibilidade de certos modelos.<\/p>\n\n\n\n<h3 class=\"wp-block-heading\"><strong>Os problemas da ind\u00fastria autom\u00f3vel<\/strong><\/h3>\n\n\n\n<p>Um dos principais setores afetados pela falta de semicondutores \u00e9 o<a href=\"https:\/\/www.cnbc.com\/2021\/02\/08\/carmakers-have-been-hit-hard-by-a-global-chip-shortage-heres-why-.html\"> setor autom\u00f3vel<\/a>. O motivo dos problemas \u00e9 o mesmo que dos outros setores: os fabricantes de autom\u00f3veis cancelaram as encomendas por causa da pandemia e depois quando as quiseram retomar j\u00e1 havia demasiados pedidos em fila de espera.<\/p>\n\n\n\n<p>Enquanto que a Apple gasta anualmente 58 mil milh\u00f5es de d\u00f3lares em semicondutores, a ind\u00fastria autom\u00f3vel, no seu todo, gasta apenas 36 mil milh\u00f5es. \u00c9 f\u00e1cil perceber o porqu\u00ea de as f\u00e1bricas de semicondutores priorizarem os componentes para a Apple e n\u00e3o para empresas como a Toyota ou a Volkswagen, que, sendo das empresas autom\u00f3veis que mais dinheiro gastam em semicondutores, gastam pouco mais de 4 mil milh\u00f5es de d\u00f3lares anualmente.<\/p>\n\n\n\n<div class=\"wp-block-image\"><figure class=\"aligncenter size-large is-resized\"><img decoding=\"async\" src=\"https:\/\/blog.globaldata.pt\/wp-content\/uploads\/2021\/05\/2952092-vlt5y434k5-1024x683.jpg\" alt=\"A Peugeot foi for\u00e7ada a substituir os veloc\u00edmetros digitais por anal\u00f3gicos devido \u00e0 falta de semicondutores\" class=\"wp-image-6624\" width=\"580\" height=\"387\"\/ loading=\"lazy\" srcset=\"https:\/\/www.globaldata.pt\/blog\/wp-content\/uploads\/2021\/05\/2952092-vlt5y434k5-1024x683.jpg 1024w, https:\/\/www.globaldata.pt\/blog\/wp-content\/uploads\/2021\/05\/2952092-vlt5y434k5-300x200.jpg 300w, https:\/\/www.globaldata.pt\/blog\/wp-content\/uploads\/2021\/05\/2952092-vlt5y434k5-768x512.jpg 768w, https:\/\/www.globaldata.pt\/blog\/wp-content\/uploads\/2021\/05\/2952092-vlt5y434k5-1536x1024.jpg 1536w, https:\/\/www.globaldata.pt\/blog\/wp-content\/uploads\/2021\/05\/2952092-vlt5y434k5-2048x1365.jpg 2048w, https:\/\/www.globaldata.pt\/blog\/wp-content\/uploads\/2021\/05\/2952092-vlt5y434k5-462x308.jpg 462w\" sizes=\"auto, (max-width: 580px) 100vw, 580px\" \/><figcaption>A Peugeot foi for\u00e7ada a alterar o veloc\u00edmetro digital por anal\u00f3gicos nos 308 devido \u00e0 escassez de semicondutores.<\/figcaption><\/figure><\/div>\n\n\n\n<p>A falta de semicondutores no setor autom\u00f3vel levou ao encerramento de f\u00e1bricas, <em>lay-offs <\/em>e \u00e0 diminui\u00e7\u00e3o da produ\u00e7\u00e3o de autom\u00f3veis. Al\u00e9m disso, a ind\u00fastria autom\u00f3vel teve de recorrer a solu\u00e7\u00f5es engenhosas para colmatar a falta de semicondutores \u2014 a Peugeot, por exemplo, <a href=\"https:\/\/www.reuters.com\/business\/autos-transportation\/stellantis-scraps-digital-speedometers-peugeot-car-chips-shortage-2021-04-21\/\">substituiu o veloc\u00edmetro digital no novo 308 por veloc\u00edmetros cl\u00e1ssicos<\/a> de ponteiro; a Nissan retirou os GPS de carros que normalmente viriam com o sistema de navega\u00e7\u00e3o.<\/p>\n\n\n\n<h2 class=\"wp-block-heading\"><strong>Solu\u00e7\u00f5es para o futuro<\/strong><\/h2>\n\n\n\n<p>Na melhor das hip\u00f3teses, espera-se que a crise dos semicondutores <a href=\"https:\/\/www.bbc.com\/news\/technology-56847518\">continue at\u00e9 finais de 2021<\/a>. No entanto, j\u00e1 est\u00e3o a ser tomadas medidas para que isto n\u00e3o volte a acontecer no futuro.<\/p>\n\n\n\n<p>A Comiss\u00e3o Europeia afirmou querer expandir as capacidades de produ\u00e7\u00e3o de semicondutores europeias e est\u00e1 a preparar um investimento que pode chegar at\u00e9 aos 30 mil milh\u00f5es de euros. A Intel ofereceu ajuda, mas, ao que tudo indica, quer um financiamento de 8 mil milh\u00f5es de euros em troca.<\/p>\n\n\n\n<div class=\"wp-block-image\"><figure class=\"aligncenter size-large is-resized\"><img decoding=\"async\" src=\"https:\/\/blog.globaldata.pt\/wp-content\/uploads\/2021\/05\/guillaume-perigois-0NRkVddA2fw-unsplash-1024x683.jpg\" alt=\"A Comiss\u00e3o Europeia quer investir em f\u00e1bricas de semicondutores.\" class=\"wp-image-6628\" width=\"579\" height=\"387\"\/ loading=\"lazy\" srcset=\"https:\/\/www.globaldata.pt\/blog\/wp-content\/uploads\/2021\/05\/guillaume-perigois-0NRkVddA2fw-unsplash-1024x683.jpg 1024w, https:\/\/www.globaldata.pt\/blog\/wp-content\/uploads\/2021\/05\/guillaume-perigois-0NRkVddA2fw-unsplash-300x200.jpg 300w, https:\/\/www.globaldata.pt\/blog\/wp-content\/uploads\/2021\/05\/guillaume-perigois-0NRkVddA2fw-unsplash-768x512.jpg 768w, https:\/\/www.globaldata.pt\/blog\/wp-content\/uploads\/2021\/05\/guillaume-perigois-0NRkVddA2fw-unsplash-1536x1024.jpg 1536w, https:\/\/www.globaldata.pt\/blog\/wp-content\/uploads\/2021\/05\/guillaume-perigois-0NRkVddA2fw-unsplash-2048x1366.jpg 2048w, https:\/\/www.globaldata.pt\/blog\/wp-content\/uploads\/2021\/05\/guillaume-perigois-0NRkVddA2fw-unsplash-462x308.jpg 462w\" sizes=\"auto, (max-width: 579px) 100vw, 579px\" \/><figcaption>A Comiss\u00e3o Europeia est\u00e1 a planear investir no fabrico de semicondutores.<\/figcaption><\/figure><\/div>\n\n\n\n<p>Os Estados Unidos tamb\u00e9m querem aumentar as capacidades de produ\u00e7\u00e3o. A Intel anunciou recentemente que planeia gastar 20 mil milh\u00f5es de d\u00f3lares em duas f\u00e1bricas de semicondutores novas. O presidente norte-americano, Joe Biden, afirma que o investimento no fabrico de microprocessadores \u00e9 uma prioridade.&nbsp;<\/p>\n\n\n\n<p>Contudo, as novas f\u00e1bricas de semicondutores podem demorar at\u00e9 dois anos a estarem operacionais. Nessa altura espera-se que a falta de semicondutores j\u00e1 n\u00e3o seja um problema, o que pode levar a uma sobreabund\u00e2ncia de chips. Talvez a\u00ed vejamos pre\u00e7os mais baratos para os nossos equipamentos\u2026<\/p>\n","protected":false},"excerpt":{"rendered":"<p>H&aacute; cerca de dois meses, explic&aacute;mos o porqu&ecirc; do aumento do pre&ccedil;o das placas gr&aacute;ficas e da falta de stock. Como foi previsto na altura, a escassez de semicondutores continua e a situa&ccedil;&atilde;o mant&eacute;m-se complicada para quem quer fazer um upgrade ao computador&hellip; e n&atilde;o s&oacute;. Mas, quase a meio de 2021, a vida n&atilde;o [&hellip;]<\/p>\n","protected":false},"author":37,"featured_media":6626,"comment_status":"open","ping_status":"open","sticky":false,"template":"","format":"standard","meta":{"footnotes":""},"categories":[1451,1463,1847],"tags":[1490,1460],"class_list":["post-6623","post","type-post","status-publish","format-standard","has-post-thumbnail","hentry","category-noticias","category-featured-big","category-tudo","tag-semicondutores","tag-stock"],"yoast_head":"<!-- This site is optimized with the Yoast SEO plugin v27.4 - https:\/\/yoast.com\/product\/yoast-seo-wordpress\/ -->\n<title>A crise dos semicondutores: quando \u00e9 que os stocks v\u00e3o voltar ao normal? - Globaldata Blog<\/title>\n<meta name=\"description\" content=\"A crise dos semicondutores continua, e afeta mais do que os stocks de placas gr\u00e1ficas. Mas quando \u00e9 que as coisas v\u00e3o voltar ao normal?\" \/>\n<meta name=\"robots\" content=\"index, follow, max-snippet:-1, max-image-preview:large, max-video-preview:-1\" \/>\n<link rel=\"canonical\" href=\"https:\/\/www.globaldata.pt\/blog\/crise-dos-semicondutores-falta-de-stock\/\" \/>\n<meta property=\"og:locale\" content=\"pt_PT\" \/>\n<meta property=\"og:type\" content=\"article\" \/>\n<meta property=\"og:title\" content=\"A crise dos semicondutores: quando \u00e9 que os stocks v\u00e3o voltar ao normal? - Globaldata Blog\" \/>\n<meta property=\"og:description\" content=\"A crise dos semicondutores continua, e afeta mais do que os stocks de placas gr\u00e1ficas. Mas quando \u00e9 que as coisas v\u00e3o voltar ao normal?\" \/>\n<meta property=\"og:url\" content=\"https:\/\/www.globaldata.pt\/blog\/crise-dos-semicondutores-falta-de-stock\/\" \/>\n<meta property=\"og:site_name\" content=\"Globaldata Blog\" \/>\n<meta property=\"article:published_time\" content=\"2021-05-11T13:06:52+00:00\" \/>\n<meta property=\"article:modified_time\" content=\"2025-01-22T21:54:52+00:00\" \/>\n<meta property=\"og:image\" content=\"https:\/\/www.globaldata.pt\/blog\/wp-content\/uploads\/2021\/05\/infralist-com-Sc1GJCninik-unsplash-scaled.jpg\" \/>\n\t<meta property=\"og:image:width\" content=\"2560\" \/>\n\t<meta property=\"og:image:height\" content=\"1440\" \/>\n\t<meta property=\"og:image:type\" content=\"image\/jpeg\" \/>\n<meta name=\"author\" content=\"S\u00edlvia Barreiros\" \/>\n<meta name=\"twitter:label1\" content=\"Escrito por\" \/>\n\t<meta name=\"twitter:data1\" content=\"S\u00edlvia Barreiros\" \/>\n\t<meta name=\"twitter:label2\" content=\"Tempo estimado de leitura\" \/>\n\t<meta name=\"twitter:data2\" content=\"7 minutos\" \/>\n<!-- \/ Yoast SEO plugin. -->","yoast_head_json":{"title":"A crise dos semicondutores: quando \u00e9 que os stocks v\u00e3o voltar ao normal? - Globaldata Blog","description":"A crise dos semicondutores continua, e afeta mais do que os stocks de placas gr\u00e1ficas. Mas quando \u00e9 que as coisas v\u00e3o voltar ao normal?","robots":{"index":"index","follow":"follow","max-snippet":"max-snippet:-1","max-image-preview":"max-image-preview:large","max-video-preview":"max-video-preview:-1"},"canonical":"https:\/\/www.globaldata.pt\/blog\/crise-dos-semicondutores-falta-de-stock\/","og_locale":"pt_PT","og_type":"article","og_title":"A crise dos semicondutores: quando \u00e9 que os stocks v\u00e3o voltar ao normal? - Globaldata Blog","og_description":"A crise dos semicondutores continua, e afeta mais do que os stocks de placas gr\u00e1ficas. Mas quando \u00e9 que as coisas v\u00e3o voltar ao normal?","og_url":"https:\/\/www.globaldata.pt\/blog\/crise-dos-semicondutores-falta-de-stock\/","og_site_name":"Globaldata Blog","article_published_time":"2021-05-11T13:06:52+00:00","article_modified_time":"2025-01-22T21:54:52+00:00","og_image":[{"width":2560,"height":1440,"url":"https:\/\/www.globaldata.pt\/blog\/wp-content\/uploads\/2021\/05\/infralist-com-Sc1GJCninik-unsplash-scaled.jpg","type":"image\/jpeg"}],"author":"S\u00edlvia Barreiros","twitter_misc":{"Escrito por":"S\u00edlvia Barreiros","Tempo estimado de leitura":"7 minutos"},"schema":{"@context":"https:\/\/schema.org","@graph":[{"@type":"Article","@id":"https:\/\/www.globaldata.pt\/blog\/crise-dos-semicondutores-falta-de-stock\/#article","isPartOf":{"@id":"https:\/\/www.globaldata.pt\/blog\/crise-dos-semicondutores-falta-de-stock\/"},"author":{"name":"S\u00edlvia Barreiros","@id":"https:\/\/www.globaldata.pt\/blog\/#\/schema\/person\/f5a2c2457bbca2391cced1648ef12bb4"},"headline":"A crise dos semicondutores: quando \u00e9 que os stocks v\u00e3o voltar ao normal?","datePublished":"2021-05-11T13:06:52+00:00","dateModified":"2025-01-22T21:54:52+00:00","mainEntityOfPage":{"@id":"https:\/\/www.globaldata.pt\/blog\/crise-dos-semicondutores-falta-de-stock\/"},"wordCount":958,"commentCount":2,"publisher":{"@id":"https:\/\/www.globaldata.pt\/blog\/#organization"},"image":{"@id":"https:\/\/www.globaldata.pt\/blog\/crise-dos-semicondutores-falta-de-stock\/#primaryimage"},"thumbnailUrl":"https:\/\/www.globaldata.pt\/blog\/wp-content\/uploads\/2021\/05\/infralist-com-Sc1GJCninik-unsplash-scaled.jpg","keywords":["semicondutores","stock"],"articleSection":["Not\u00edcias","Posts em destaque","Todos os Artigos"],"inLanguage":"pt-PT","potentialAction":[{"@type":"CommentAction","name":"Comment","target":["https:\/\/www.globaldata.pt\/blog\/crise-dos-semicondutores-falta-de-stock\/#respond"]}]},{"@type":"WebPage","@id":"https:\/\/www.globaldata.pt\/blog\/crise-dos-semicondutores-falta-de-stock\/","url":"https:\/\/www.globaldata.pt\/blog\/crise-dos-semicondutores-falta-de-stock\/","name":"A crise dos semicondutores: quando \u00e9 que os stocks v\u00e3o voltar ao normal? - Globaldata Blog","isPartOf":{"@id":"https:\/\/www.globaldata.pt\/blog\/#website"},"primaryImageOfPage":{"@id":"https:\/\/www.globaldata.pt\/blog\/crise-dos-semicondutores-falta-de-stock\/#primaryimage"},"image":{"@id":"https:\/\/www.globaldata.pt\/blog\/crise-dos-semicondutores-falta-de-stock\/#primaryimage"},"thumbnailUrl":"https:\/\/www.globaldata.pt\/blog\/wp-content\/uploads\/2021\/05\/infralist-com-Sc1GJCninik-unsplash-scaled.jpg","datePublished":"2021-05-11T13:06:52+00:00","dateModified":"2025-01-22T21:54:52+00:00","description":"A crise dos semicondutores continua, e afeta mais do que os stocks de placas gr\u00e1ficas. Mas quando \u00e9 que as coisas v\u00e3o voltar ao normal?","breadcrumb":{"@id":"https:\/\/www.globaldata.pt\/blog\/crise-dos-semicondutores-falta-de-stock\/#breadcrumb"},"inLanguage":"pt-PT","potentialAction":[{"@type":"ReadAction","target":["https:\/\/www.globaldata.pt\/blog\/crise-dos-semicondutores-falta-de-stock\/"]}]},{"@type":"ImageObject","inLanguage":"pt-PT","@id":"https:\/\/www.globaldata.pt\/blog\/crise-dos-semicondutores-falta-de-stock\/#primaryimage","url":"https:\/\/www.globaldata.pt\/blog\/wp-content\/uploads\/2021\/05\/infralist-com-Sc1GJCninik-unsplash-scaled.jpg","contentUrl":"https:\/\/www.globaldata.pt\/blog\/wp-content\/uploads\/2021\/05\/infralist-com-Sc1GJCninik-unsplash-scaled.jpg","width":2560,"height":1440,"caption":"Close-up de semicondutor"},{"@type":"BreadcrumbList","@id":"https:\/\/www.globaldata.pt\/blog\/crise-dos-semicondutores-falta-de-stock\/#breadcrumb","itemListElement":[{"@type":"ListItem","position":1,"name":"P\u00e1gina inicial","item":"https:\/\/www.globaldata.pt\/blog\/"},{"@type":"ListItem","position":2,"name":"Posts em destaque","item":"https:\/\/www.globaldata.pt\/blog\/category\/featured-big\/"},{"@type":"ListItem","position":3,"name":"A crise dos semicondutores: quando \u00e9 que os stocks v\u00e3o voltar ao normal?"}]},{"@type":"WebSite","@id":"https:\/\/www.globaldata.pt\/blog\/#website","url":"https:\/\/www.globaldata.pt\/blog\/","name":"Globaldata Blog","description":"\u2013 Inform\u00e1tica e Tecnologia \u2013 Blog de not\u00edcias, dicas e an\u00e1lises sobre inform\u00e1tica e tecnologia - hardware, mobile e gaming.","publisher":{"@id":"https:\/\/www.globaldata.pt\/blog\/#organization"},"potentialAction":[{"@type":"SearchAction","target":{"@type":"EntryPoint","urlTemplate":"https:\/\/www.globaldata.pt\/blog\/?s={search_term_string}"},"query-input":{"@type":"PropertyValueSpecification","valueRequired":true,"valueName":"search_term_string"}}],"inLanguage":"pt-PT"},{"@type":"Organization","@id":"https:\/\/www.globaldata.pt\/blog\/#organization","name":"Caseking GmbH","url":"https:\/\/www.globaldata.pt\/blog\/","logo":{"@type":"ImageObject","inLanguage":"pt-PT","@id":"https:\/\/www.globaldata.pt\/blog\/#\/schema\/logo\/image\/","url":"","contentUrl":"","caption":"Caseking GmbH"},"image":{"@id":"https:\/\/www.globaldata.pt\/blog\/#\/schema\/logo\/image\/"}},{"@type":"Person","@id":"https:\/\/www.globaldata.pt\/blog\/#\/schema\/person\/f5a2c2457bbca2391cced1648ef12bb4","name":"S\u00edlvia Barreiros","image":{"@type":"ImageObject","inLanguage":"pt-PT","@id":"https:\/\/secure.gravatar.com\/avatar\/d138b5f6307f48066cacee73fa9ab51260c8eac791d50ba43d827b08ca87e622?s=96&d=mm&r=g","url":"https:\/\/secure.gravatar.com\/avatar\/d138b5f6307f48066cacee73fa9ab51260c8eac791d50ba43d827b08ca87e622?s=96&d=mm&r=g","contentUrl":"https:\/\/secure.gravatar.com\/avatar\/d138b5f6307f48066cacee73fa9ab51260c8eac791d50ba43d827b08ca87e622?s=96&d=mm&r=g","caption":"S\u00edlvia Barreiros"},"url":"https:\/\/www.globaldata.pt\/blog\/author\/sbarreiros2\/"}]}},"_links":{"self":[{"href":"https:\/\/www.globaldata.pt\/blog\/wp-json\/wp\/v2\/posts\/6623","targetHints":{"allow":["GET"]}}],"collection":[{"href":"https:\/\/www.globaldata.pt\/blog\/wp-json\/wp\/v2\/posts"}],"about":[{"href":"https:\/\/www.globaldata.pt\/blog\/wp-json\/wp\/v2\/types\/post"}],"author":[{"embeddable":true,"href":"https:\/\/www.globaldata.pt\/blog\/wp-json\/wp\/v2\/users\/37"}],"replies":[{"embeddable":true,"href":"https:\/\/www.globaldata.pt\/blog\/wp-json\/wp\/v2\/comments?post=6623"}],"version-history":[{"count":1,"href":"https:\/\/www.globaldata.pt\/blog\/wp-json\/wp\/v2\/posts\/6623\/revisions"}],"predecessor-version":[{"id":11622,"href":"https:\/\/www.globaldata.pt\/blog\/wp-json\/wp\/v2\/posts\/6623\/revisions\/11622"}],"wp:featuredmedia":[{"embeddable":true,"href":"https:\/\/www.globaldata.pt\/blog\/wp-json\/wp\/v2\/media\/6626"}],"wp:attachment":[{"href":"https:\/\/www.globaldata.pt\/blog\/wp-json\/wp\/v2\/media?parent=6623"}],"wp:term":[{"taxonomy":"category","embeddable":true,"href":"https:\/\/www.globaldata.pt\/blog\/wp-json\/wp\/v2\/categories?post=6623"},{"taxonomy":"post_tag","embeddable":true,"href":"https:\/\/www.globaldata.pt\/blog\/wp-json\/wp\/v2\/tags?post=6623"}],"curies":[{"name":"wp","href":"https:\/\/api.w.org\/{rel}","templated":true}]}}