{"id":7096,"date":"2021-09-10T11:05:12","date_gmt":"2021-09-10T10:05:12","guid":{"rendered":"https:\/\/blog.globaldata.pt\/?p=7096"},"modified":"2025-01-22T22:03:11","modified_gmt":"2025-01-22T22:03:11","slug":"os-melhores-portateis-para-o-regresso-as-aulas","status":"publish","type":"post","link":"https:\/\/www.globaldata.pt\/blog\/os-melhores-portateis-para-o-regresso-as-aulas\/","title":{"rendered":"Os Melhores Port\u00e1teis Para o Regresso \u00e0s Aulas"},"content":{"rendered":"\n<p>Com a chegada do ano letivo, milh\u00f5es de alunos em todo o mundo preparam-se para voltar \u00e0 escola. Assim, neste artigo apresentamos os melhores computadores port\u00e1teis para o regresso \u00e0s aulas.<\/p>\n\n\n\n<p>Ainda que n\u00e3o seja necess\u00e1rio um computador de alta gama, como para <em>gaming<\/em>, \u00e9 importante escolher o acertado. Contudo, por vezes, \u00e9 preciso ter muitas aplica\u00e7\u00f5es abertas, como \u00e9 o caso dos estudantes universit\u00e1rios e isso implica um port\u00e1til com alguma capacidade.<\/p>\n\n\n\n<p>Assim sendo, vamos mostrar-te os escolhidos para te acompanharem no in\u00edcio desta nova aventura.<\/p>\n\n\n\n<h2 class=\"wp-block-heading\"><strong>Lenovo IdeaPad &#8211; o pin\u00e1culo da qualidade-pre\u00e7o<\/strong><\/h2>\n\n\n\n<p>Come\u00e7amos por destacar os <a href=\"https:\/\/www.globaldata.pt\/?query=ideapad&amp;availability_online%5B%5D=Poucas%2520unidades&amp;availability_online%5B%5D=Em%2520stock\">IdeaPad\u2019s<\/a> da Lenovo. A Lenovo tem-se afirmado no mercado como uma marca a ter em conta no que toca a presta\u00e7\u00e3o. Com uma rela\u00e7\u00e3o qualidade-pre\u00e7o muito razo\u00e1vel s\u00e3o, sem d\u00favida, uma excelente op\u00e7\u00e3o. Estes computadores port\u00e1teis s\u00e3o relativamente baratos, e t\u00eam uma capacidade bastante confi\u00e1vel.<\/p>\n\n\n\n<h3 class=\"wp-block-heading\"><strong>Lenovo IdeaPad Flex 5<\/strong><\/h3>\n\n\n\n<p>Primeiramente, vamos falar-te de um port\u00e1til da Lenovo que te vai deixar muito bem servido. O <a href=\"https:\/\/www.globaldata.pt\/portatil-lenovo-ideapad-flex-5-14-14alc-797-r7-16gb-512gb-vega-x-active-pen-82hu006cpg\">Lenovo IdeaPad Flex 5<\/a>. Com componentes bastante generosos para um port\u00e1til, tem uma boa durabilidade e uma excelente presta\u00e7\u00e3o para as tuas necessidades.<\/p>\n\n\n\n<figure class=\"wp-block-image size-full\"><img decoding=\"async\" width=\"972\" height=\"695\" src=\"https:\/\/blog.globaldata.pt\/wp-content\/uploads\/2021\/08\/Lenovo-IdeaPad-Flex-5.png\" alt=\"Imagem do port\u00e1til Lenovo IdeaPad Flex 5\" class=\"wp-image-7102\"\/ loading=\"lazy\" srcset=\"https:\/\/www.globaldata.pt\/blog\/wp-content\/uploads\/2021\/08\/Lenovo-IdeaPad-Flex-5.png 972w, https:\/\/www.globaldata.pt\/blog\/wp-content\/uploads\/2021\/08\/Lenovo-IdeaPad-Flex-5-300x215.png 300w, https:\/\/www.globaldata.pt\/blog\/wp-content\/uploads\/2021\/08\/Lenovo-IdeaPad-Flex-5-768x549.png 768w, https:\/\/www.globaldata.pt\/blog\/wp-content\/uploads\/2021\/08\/Lenovo-IdeaPad-Flex-5-462x330.png 462w\" sizes=\"auto, (max-width: 972px) 100vw, 972px\" \/><\/figure>\n\n\n\n<p>O ecr\u00e3 de 14\u201d com resolu\u00e7\u00e3o Full HD \u00e9 mais do que suficiente para fazeres os teus trabalhos. O processador \u00e9 um AMD Ryzen 7 5700 e a placa gr\u00e1fica \u00e9 uma AMD Radeon. O IdeaPad Flex 5 tem ainda 16GB de RAM DDR4. Com 512GB de armazenamento <a href=\"https:\/\/blog.globaldata.pt\/hdd-vs-ssd-2021\/\">HDD<\/a>, permite-te guardar todos os teus trabalhos escolares e universit\u00e1rios. Como se n\u00e3o bastasse, a bateria de 52,5Wh tem uma autonomia de at\u00e9 12 horas.<\/p>\n\n\n\n<p>Este port\u00e1til tem uma particularidade interessante. Conta com uma articula\u00e7\u00e3o de 360\u00ba para poder ser utilizado como um <em>tablet<\/em>. Assim, \u00e9 muito vers\u00e1til e pode satisfazer todas as tuas exig\u00eancias. Finalizando, tem uma porta USB 3.1, uma USB-C, uma HDMI 1.4b, leitor de cart\u00f5es SD, entrada de <em>power<\/em> e de auscultadores\/microfone.<\/p>\n\n\n\n<h3 class=\"wp-block-heading\"><strong>Lenovo IdeaPad Duet 3<\/strong><\/h3>\n\n\n\n<p>Em segundo lugar, mostramos-te um computador mais em conta para quem n\u00e3o quer gastar tanto dinheiro. Contudo, n\u00e3o se pode esperar que tenha uma presta\u00e7\u00e3o como o anterior. \u00c9 o <a href=\"https:\/\/www.globaldata.pt\/portatil-lenovo-ideapad-duet-3-103-10igl-872-n4020-4gb-64gb-touch-w10-82at0030pg\">Lenovo IdeaPad Duet 3<\/a>.<\/p>\n\n\n\n<figure class=\"wp-block-image size-full\"><img decoding=\"async\" width=\"577\" height=\"412\" src=\"https:\/\/blog.globaldata.pt\/wp-content\/uploads\/2021\/08\/Lenovo-IdeaPad-Duet-1.jpg\" alt=\"Imagem do port\u00e1til Lenovo IdeaPad Duet 3\" class=\"wp-image-7103\"\/ loading=\"lazy\" srcset=\"https:\/\/www.globaldata.pt\/blog\/wp-content\/uploads\/2021\/08\/Lenovo-IdeaPad-Duet-1.jpg 577w, https:\/\/www.globaldata.pt\/blog\/wp-content\/uploads\/2021\/08\/Lenovo-IdeaPad-Duet-1-300x214.jpg 300w, https:\/\/www.globaldata.pt\/blog\/wp-content\/uploads\/2021\/08\/Lenovo-IdeaPad-Duet-1-462x330.jpg 462w\" sizes=\"auto, (max-width: 577px) 100vw, 577px\" \/><\/figure>\n\n\n\n<p>Este port\u00e1til \u00e9 mais f\u00e1cil de transportar visto que tem um ecr\u00e3 t\u00e1til com resolu\u00e7\u00e3o WUXGA de 10,3\u201d e pesa apenas meio quilo. Vem munido de um processador Intel Celeron N4020 e uma gr\u00e1fica Intel UHD Graphics 600. Tem 4 GB de RAM e um modesto armazenamento HDD de 64GB &#8211; conv\u00e9m adquirires algum tipo de <a href=\"https:\/\/www.globaldata.pt\/armazenamento\/armazenamento-externo?price-range=4%3B185&amp;price%5Bmin%5D=&amp;price%5Bmax%5D=&amp;availability_online%5B%5D=Em+stock&amp;availability_online%5B%5D=Poucas+unidades&amp;sort=\">armazenamento externo<\/a>. <\/p>\n\n\n\n<p>A bateria de 30Wh tem uma autonomia confi\u00e1vel de mais de 9 horas. O Lenovo IdeaPad Duet 3 suporta um teclado IdeaPad que se liga por Bluetooth. No entanto, n\u00e3o vem inclu\u00eddo. Tem ainda duas portas USB-C 3.2, DisplayPort e entrada de <em>power<\/em> e de auscultadores\/microfone.<\/p>\n\n\n\n<h2 class=\"wp-block-heading\"><strong>ASUS VivoBook &#8211; Trabalho \u00e0 tua maneira<\/strong><\/h2>\n\n\n\n<p>Vamos agora falar da <a href=\"https:\/\/www.globaldata.pt\/?query=VivoBook&amp;availability_online%5B%5D=Em%2520stock&amp;availability_online%5B%5D=Poucas%2520unidades&amp;manufacturer%5B%5D=Asus\">ASUS VivoBook<\/a>. Esta s\u00e9rie tem tamb\u00e9m port\u00e1teis com um desempenho elevado mas os pre\u00e7os s\u00e3o um pouco mais caros. Contudo, s\u00e3o sem d\u00favida uma \u00f3tima op\u00e7\u00e3o dentro dos melhores port\u00e1teis para o regresso \u00e0s aulas.<\/p>\n\n\n\n<h3 class=\"wp-block-heading\"><strong>ASUS VivoBook S 533<\/strong><\/h3>\n\n\n\n<p>O <a href=\"https:\/\/www.globaldata.pt\/portatil-asus-vivobook-s-156-s533eq-i7-16gb-1tb-mx350-w10-s533eq-71bm5pb1\">ASUS VivoBook S 533<\/a> \u00e9 a nossa primeira escolha para esta gama da ASUS. Com um processador i7 e uma gr\u00e1fica NVIDIA GeForce MX350 podes esperar uma capacidade de resposta ultra r\u00e1pida.<\/p>\n\n\n\n<figure class=\"wp-block-image size-large\"><img decoding=\"async\" width=\"1024\" height=\"731\" src=\"https:\/\/blog.globaldata.pt\/wp-content\/uploads\/2021\/08\/ASUS-VivoBook-S-533-1024x731.png\" alt=\"Imagem do port\u00e1til ASUS VivoBook S 533\" class=\"wp-image-7104\"\/ loading=\"lazy\" srcset=\"https:\/\/www.globaldata.pt\/blog\/wp-content\/uploads\/2021\/08\/ASUS-VivoBook-S-533-1024x731.png 1024w, https:\/\/www.globaldata.pt\/blog\/wp-content\/uploads\/2021\/08\/ASUS-VivoBook-S-533-300x214.png 300w, https:\/\/www.globaldata.pt\/blog\/wp-content\/uploads\/2021\/08\/ASUS-VivoBook-S-533-768x548.png 768w, https:\/\/www.globaldata.pt\/blog\/wp-content\/uploads\/2021\/08\/ASUS-VivoBook-S-533-462x330.png 462w, https:\/\/www.globaldata.pt\/blog\/wp-content\/uploads\/2021\/08\/ASUS-VivoBook-S-533.png 1135w\" sizes=\"auto, (max-width: 1024px) 100vw, 1024px\" \/><\/figure>\n\n\n\n<p>O ecr\u00e3 de 15,6\u201d com resolu\u00e7\u00e3o FULL HD assegura uma experi\u00eancia de visualiza\u00e7\u00e3o elevada. Este port\u00e1til conta ainda com 16GB de mem\u00f3ria e 1TB de armazenamento SSD. Certamente n\u00e3o vais ter de te preocupar com espa\u00e7o.<\/p>\n\n\n\n<p>O sistema de arrefecimento deste computador \u00e9 melhorado para que possa passar mais tempo ligado sem sobreaquecer. O ASUS VivoBook S 533 tem uma espessura de 16mm e pesa apenas 2kgs, sendo extremamente f\u00e1cil de transportar. <\/p>\n\n\n\n<p>A bateria de 50Wh permite-lhe uma autonomia de at\u00e9 13 horas e carregar 60% em apenas 49 minutos. Al\u00e9m disso, tem uma porta USB 2.0, uma 3.2, uma USB-C, uma HDMI, uma para leitor de cart\u00f5es microSD, de entrada de auscultadores\/microfone e de <em>power<\/em>.<\/p>\n\n\n\n<h3 class=\"wp-block-heading\"><strong>ASUS VivoBook M 513<\/strong><\/h3>\n\n\n\n<p>Por outro lado, temos o <a href=\"https:\/\/www.globaldata.pt\/portatil-asus-vivobook-156-m513ia-r5-16gb-512gb-vega-6-m513ia-r54bhdps2\">ASUS VivoBook M 513<\/a>. Ligeiramente mais barato, pode-se contar com um processador AMD Ryzen 5 4500U. N\u00e3o possui placa gr\u00e1fica.<\/p>\n\n\n\n<figure class=\"wp-block-image size-full\"><img decoding=\"async\" width=\"882\" height=\"630\" src=\"https:\/\/blog.globaldata.pt\/wp-content\/uploads\/2021\/08\/S-VivoBook-M-513.png\" alt=\"Imagem do port\u00e1til ASUS VivoBook M 513\" class=\"wp-image-7105\"\/ loading=\"lazy\" srcset=\"https:\/\/www.globaldata.pt\/blog\/wp-content\/uploads\/2021\/08\/S-VivoBook-M-513.png 882w, https:\/\/www.globaldata.pt\/blog\/wp-content\/uploads\/2021\/08\/S-VivoBook-M-513-300x214.png 300w, https:\/\/www.globaldata.pt\/blog\/wp-content\/uploads\/2021\/08\/S-VivoBook-M-513-768x549.png 768w, https:\/\/www.globaldata.pt\/blog\/wp-content\/uploads\/2021\/08\/S-VivoBook-M-513-462x330.png 462w\" sizes=\"auto, (max-width: 882px) 100vw, 882px\" \/><\/figure>\n\n\n\n<p>Tem um ecr\u00e3 de 15,6\u201d com resolu\u00e7\u00e3o FULL HD. Tamb\u00e9m ele \u00e9 muito leve &#8211; 1,7kg &#8211; e f\u00e1cil de transportar. Tem 16GB de mem\u00f3ria e 512GB de armazenamento interno SSD. Este \u00e9 um port\u00e1til com uma rela\u00e7\u00e3o de qualidade-pre\u00e7o excelente. Tem um desempenho fant\u00e1stico para as tarefas de um estudante.<\/p>\n\n\n\n<h2 class=\"wp-block-heading\"><strong>ASUS ZenBook &#8211; Para os mais aplicados<\/strong><\/h2>\n\n\n\n<p>Por \u00faltimo, temos a gama <em>premium<\/em> <a href=\"https:\/\/www.globaldata.pt\/?query=zenbook&amp;availability_online%5B%5D=Em%2520stock&amp;availability_online%5B%5D=Poucas%2520unidades&amp;manufacturer%5B%5D=Asus\">ZenBook<\/a> da ASUS. Tem uma performance intransigente, com a melhor tecnologia para m\u00e1xima produtividade e multitasking. Os ZenBook\u2019s da ASUS oferecem-te mais capacidade mas s\u00e3o tamb\u00e9m um pouco mais caros. Por essa raz\u00e3o apresentamos apenas uma op\u00e7\u00e3o &#8211; o <a href=\"https:\/\/www.globaldata.pt\/portatil-asus-zenbook-14-ux425ea-i7-16gb-1tb-iris-xe-w10-ux425ea-71dhdcb1\">ASUS ZenBook UX425EA<\/a>.<\/p>\n\n\n\n<h3 class=\"wp-block-heading\"><strong>ASUS ZenBook UX425EA<\/strong><\/h3>\n\n\n\n<p>Este \u00e9 sem d\u00favida um dos melhores computadores port\u00e1teis para o regresso \u00e0s aulas, com componentes muito poderosos que agradariam a qualquer aluno mais aplicado.<\/p>\n\n\n\n<figure class=\"wp-block-image size-full\"><img decoding=\"async\" width=\"954\" height=\"681\" src=\"https:\/\/blog.globaldata.pt\/wp-content\/uploads\/2021\/08\/ASUS-ZenBook-UX425EA.png\" alt=\"Imagem do port\u00e1til ASUS ZenBook UX425EA\" class=\"wp-image-7106\"\/ loading=\"lazy\" srcset=\"https:\/\/www.globaldata.pt\/blog\/wp-content\/uploads\/2021\/08\/ASUS-ZenBook-UX425EA.png 954w, https:\/\/www.globaldata.pt\/blog\/wp-content\/uploads\/2021\/08\/ASUS-ZenBook-UX425EA-300x214.png 300w, https:\/\/www.globaldata.pt\/blog\/wp-content\/uploads\/2021\/08\/ASUS-ZenBook-UX425EA-768x548.png 768w, https:\/\/www.globaldata.pt\/blog\/wp-content\/uploads\/2021\/08\/ASUS-ZenBook-UX425EA-462x330.png 462w\" sizes=\"auto, (max-width: 954px) 100vw, 954px\" \/><\/figure>\n\n\n\n<p>Tem um processador i7, placa gr\u00e1fica Intel Iris Xe e 16GB de mem\u00f3ria DDR4. 1TB de armazenamento SDD garante espa\u00e7o para todo o tipo de ficheiros que queiras manter no computador. Com uma porta USB-A, uma USB-C Thunderbolt, uma HDMI, uma para leitor MicroSD, entrada para auscultadores e de <em>power<\/em> n\u00e3o te vai faltar nada. O ecr\u00e3 tem 14\u201d, resolu\u00e7\u00e3o Full HD e \u00e9 o mais fino do mundo deste tamanho. Tem apenas 14mm e pesa 1kg. Portanto, podes lev\u00e1-lo para todo o lado com facilidade.<\/p>\n\n\n\n<p>J\u00e1 vimos que em termos de portabilidade n\u00e3o h\u00e1 muito melhor que isto. Quando se fala de produtividade e <em>multitasking <\/em>tamb\u00e9m n\u00e3o. Para al\u00e9m disso, este port\u00e1til tem uma autonomia de 21 horas e uma bateria de 67Wh que carrega 60% em 49 minutos.<\/p>\n\n\n\n<p>Para finalizar, o ASUS ZenBook UX425EA sofreu testes de altitude, queda, temperatura, vibra\u00e7\u00e3o e humidade. S\u00e3o realmente resistentes, fi\u00e1veis e dur\u00e1veis. Portanto, se \u00e9s um aluno que est\u00e1 a entrar para o primeiro ano de faculdade, este pode facilmente ser o teu pr\u00f3ximo companheiro durante os anos que se seguem.<\/p>\n\n\n\n<p>\u00c9 do nosso interesse que entres no ano letivo da melhor forma e por isso apresent\u00e1mos-te os melhores port\u00e1teis para o regresso \u00e0s aulas. Se ainda assim n\u00e3o ficaste satisfeito com as nossas sugest\u00f5es, deixamos-te aqui a lista completa dos nossos <a href=\"https:\/\/www.globaldata.pt\/computadores\/portateis?price-range=299%3B3399&amp;price%5Bmin%5D=&amp;price%5Bmax%5D=&amp;availability_online%5B%5D=Em+stock&amp;availability_online%5B%5D=Por+encomenda&amp;availability_online%5B%5D=Poucas+unidades&amp;uso_da_maquina%5B%5D=Uso+Office+%26+Web&amp;sort=\">port\u00e1teis dispon\u00edveis<\/a>.<\/p>\n\n\n\n<p>Apressa-te a assegurar o teu material para regressares \u00e0s aulas melhor do que ningu\u00e9m.<\/p>\n","protected":false},"excerpt":{"rendered":"<p>Com a chegada do ano letivo, milh&otilde;es de alunos em todo o mundo preparam-se para voltar &agrave; escola. Assim, neste artigo apresentamos os melhores computadores port&aacute;teis para o regresso &agrave;s aulas. Ainda que n&atilde;o seja necess&aacute;rio um computador de alta gama, como para gaming, &eacute; importante escolher o acertado. Contudo, por vezes, &eacute; preciso ter [&hellip;]<\/p>\n","protected":false},"author":37,"featured_media":7106,"comment_status":"open","ping_status":"open","sticky":false,"template":"","format":"standard","meta":{"footnotes":""},"categories":[1470,1847],"tags":[1466,1503],"class_list":["post-7096","post","type-post","status-publish","format-standard","has-post-thumbnail","hentry","category-dicas","category-tudo","tag-dicas","tag-portateis"],"yoast_head":"<!-- This site is optimized with the Yoast SEO plugin v27.4 - https:\/\/yoast.com\/product\/yoast-seo-wordpress\/ -->\n<title>Os Melhores Port\u00e1teis Para o Regresso \u00e0s Aulas - Globaldata Blog<\/title>\n<meta name=\"description\" content=\"Com o ano letivo \u00e0 porta, mostramos-te alguns dos melhores port\u00e1teis para o regresso \u00e0s aulas que est\u00e3o dispon\u00edveis na nossa loja.\" \/>\n<meta name=\"robots\" content=\"index, follow, max-snippet:-1, max-image-preview:large, max-video-preview:-1\" \/>\n<link rel=\"canonical\" href=\"https:\/\/www.globaldata.pt\/blog\/os-melhores-portateis-para-o-regresso-as-aulas\/\" \/>\n<meta property=\"og:locale\" content=\"pt_PT\" \/>\n<meta property=\"og:type\" content=\"article\" \/>\n<meta property=\"og:title\" content=\"Os Melhores Port\u00e1teis Para o Regresso \u00e0s Aulas - Globaldata Blog\" \/>\n<meta property=\"og:description\" content=\"Com o ano letivo \u00e0 porta, mostramos-te alguns dos melhores port\u00e1teis para o regresso \u00e0s aulas que est\u00e3o dispon\u00edveis na nossa loja.\" \/>\n<meta property=\"og:url\" content=\"https:\/\/www.globaldata.pt\/blog\/os-melhores-portateis-para-o-regresso-as-aulas\/\" \/>\n<meta property=\"og:site_name\" content=\"Globaldata Blog\" \/>\n<meta property=\"article:published_time\" content=\"2021-09-10T10:05:12+00:00\" \/>\n<meta property=\"article:modified_time\" content=\"2025-01-22T22:03:11+00:00\" \/>\n<meta property=\"og:image\" content=\"https:\/\/www.globaldata.pt\/blog\/wp-content\/uploads\/2021\/08\/ASUS-ZenBook-UX425EA.png\" \/>\n\t<meta property=\"og:image:width\" content=\"954\" \/>\n\t<meta property=\"og:image:height\" content=\"681\" \/>\n\t<meta property=\"og:image:type\" content=\"image\/png\" \/>\n<meta name=\"author\" content=\"S\u00edlvia Barreiros\" \/>\n<meta name=\"twitter:label1\" content=\"Escrito por\" \/>\n\t<meta name=\"twitter:data1\" content=\"S\u00edlvia Barreiros\" \/>\n\t<meta name=\"twitter:label2\" content=\"Tempo estimado de leitura\" \/>\n\t<meta name=\"twitter:data2\" content=\"7 minutos\" \/>\n<!-- \/ Yoast SEO plugin. -->","yoast_head_json":{"title":"Os Melhores Port\u00e1teis Para o Regresso \u00e0s Aulas - Globaldata Blog","description":"Com o ano letivo \u00e0 porta, mostramos-te alguns dos melhores port\u00e1teis para o regresso \u00e0s aulas que est\u00e3o dispon\u00edveis na nossa loja.","robots":{"index":"index","follow":"follow","max-snippet":"max-snippet:-1","max-image-preview":"max-image-preview:large","max-video-preview":"max-video-preview:-1"},"canonical":"https:\/\/www.globaldata.pt\/blog\/os-melhores-portateis-para-o-regresso-as-aulas\/","og_locale":"pt_PT","og_type":"article","og_title":"Os Melhores Port\u00e1teis Para o Regresso \u00e0s Aulas - Globaldata Blog","og_description":"Com o ano letivo \u00e0 porta, mostramos-te alguns dos melhores port\u00e1teis para o regresso \u00e0s aulas que est\u00e3o dispon\u00edveis na nossa loja.","og_url":"https:\/\/www.globaldata.pt\/blog\/os-melhores-portateis-para-o-regresso-as-aulas\/","og_site_name":"Globaldata Blog","article_published_time":"2021-09-10T10:05:12+00:00","article_modified_time":"2025-01-22T22:03:11+00:00","og_image":[{"width":954,"height":681,"url":"https:\/\/www.globaldata.pt\/blog\/wp-content\/uploads\/2021\/08\/ASUS-ZenBook-UX425EA.png","type":"image\/png"}],"author":"S\u00edlvia Barreiros","twitter_misc":{"Escrito por":"S\u00edlvia Barreiros","Tempo estimado de leitura":"7 minutos"},"schema":{"@context":"https:\/\/schema.org","@graph":[{"@type":"Article","@id":"https:\/\/www.globaldata.pt\/blog\/os-melhores-portateis-para-o-regresso-as-aulas\/#article","isPartOf":{"@id":"https:\/\/www.globaldata.pt\/blog\/os-melhores-portateis-para-o-regresso-as-aulas\/"},"author":{"name":"S\u00edlvia Barreiros","@id":"https:\/\/www.globaldata.pt\/blog\/#\/schema\/person\/f5a2c2457bbca2391cced1648ef12bb4"},"headline":"Os Melhores Port\u00e1teis Para o Regresso \u00e0s Aulas","datePublished":"2021-09-10T10:05:12+00:00","dateModified":"2025-01-22T22:03:11+00:00","mainEntityOfPage":{"@id":"https:\/\/www.globaldata.pt\/blog\/os-melhores-portateis-para-o-regresso-as-aulas\/"},"wordCount":1123,"commentCount":0,"publisher":{"@id":"https:\/\/www.globaldata.pt\/blog\/#organization"},"image":{"@id":"https:\/\/www.globaldata.pt\/blog\/os-melhores-portateis-para-o-regresso-as-aulas\/#primaryimage"},"thumbnailUrl":"https:\/\/www.globaldata.pt\/blog\/wp-content\/uploads\/2021\/08\/ASUS-ZenBook-UX425EA.png","keywords":["dicas","port\u00e1teis"],"articleSection":["Dicas","Todos os Artigos"],"inLanguage":"pt-PT","potentialAction":[{"@type":"CommentAction","name":"Comment","target":["https:\/\/www.globaldata.pt\/blog\/os-melhores-portateis-para-o-regresso-as-aulas\/#respond"]}]},{"@type":"WebPage","@id":"https:\/\/www.globaldata.pt\/blog\/os-melhores-portateis-para-o-regresso-as-aulas\/","url":"https:\/\/www.globaldata.pt\/blog\/os-melhores-portateis-para-o-regresso-as-aulas\/","name":"Os Melhores Port\u00e1teis Para o Regresso \u00e0s Aulas - Globaldata Blog","isPartOf":{"@id":"https:\/\/www.globaldata.pt\/blog\/#website"},"primaryImageOfPage":{"@id":"https:\/\/www.globaldata.pt\/blog\/os-melhores-portateis-para-o-regresso-as-aulas\/#primaryimage"},"image":{"@id":"https:\/\/www.globaldata.pt\/blog\/os-melhores-portateis-para-o-regresso-as-aulas\/#primaryimage"},"thumbnailUrl":"https:\/\/www.globaldata.pt\/blog\/wp-content\/uploads\/2021\/08\/ASUS-ZenBook-UX425EA.png","datePublished":"2021-09-10T10:05:12+00:00","dateModified":"2025-01-22T22:03:11+00:00","description":"Com o ano letivo \u00e0 porta, mostramos-te alguns dos melhores port\u00e1teis para o regresso \u00e0s aulas que est\u00e3o dispon\u00edveis na nossa loja.","breadcrumb":{"@id":"https:\/\/www.globaldata.pt\/blog\/os-melhores-portateis-para-o-regresso-as-aulas\/#breadcrumb"},"inLanguage":"pt-PT","potentialAction":[{"@type":"ReadAction","target":["https:\/\/www.globaldata.pt\/blog\/os-melhores-portateis-para-o-regresso-as-aulas\/"]}]},{"@type":"ImageObject","inLanguage":"pt-PT","@id":"https:\/\/www.globaldata.pt\/blog\/os-melhores-portateis-para-o-regresso-as-aulas\/#primaryimage","url":"https:\/\/www.globaldata.pt\/blog\/wp-content\/uploads\/2021\/08\/ASUS-ZenBook-UX425EA.png","contentUrl":"https:\/\/www.globaldata.pt\/blog\/wp-content\/uploads\/2021\/08\/ASUS-ZenBook-UX425EA.png","width":954,"height":681},{"@type":"BreadcrumbList","@id":"https:\/\/www.globaldata.pt\/blog\/os-melhores-portateis-para-o-regresso-as-aulas\/#breadcrumb","itemListElement":[{"@type":"ListItem","position":1,"name":"P\u00e1gina inicial","item":"https:\/\/www.globaldata.pt\/blog\/"},{"@type":"ListItem","position":2,"name":"Dicas","item":"https:\/\/www.globaldata.pt\/blog\/category\/dicas\/"},{"@type":"ListItem","position":3,"name":"Os Melhores Port\u00e1teis Para o Regresso \u00e0s Aulas"}]},{"@type":"WebSite","@id":"https:\/\/www.globaldata.pt\/blog\/#website","url":"https:\/\/www.globaldata.pt\/blog\/","name":"Globaldata Blog","description":"\u2013 Inform\u00e1tica e Tecnologia \u2013 Blog de not\u00edcias, dicas e an\u00e1lises sobre inform\u00e1tica e tecnologia - hardware, mobile e gaming.","publisher":{"@id":"https:\/\/www.globaldata.pt\/blog\/#organization"},"potentialAction":[{"@type":"SearchAction","target":{"@type":"EntryPoint","urlTemplate":"https:\/\/www.globaldata.pt\/blog\/?s={search_term_string}"},"query-input":{"@type":"PropertyValueSpecification","valueRequired":true,"valueName":"search_term_string"}}],"inLanguage":"pt-PT"},{"@type":"Organization","@id":"https:\/\/www.globaldata.pt\/blog\/#organization","name":"Caseking GmbH","url":"https:\/\/www.globaldata.pt\/blog\/","logo":{"@type":"ImageObject","inLanguage":"pt-PT","@id":"https:\/\/www.globaldata.pt\/blog\/#\/schema\/logo\/image\/","url":"","contentUrl":"","caption":"Caseking GmbH"},"image":{"@id":"https:\/\/www.globaldata.pt\/blog\/#\/schema\/logo\/image\/"}},{"@type":"Person","@id":"https:\/\/www.globaldata.pt\/blog\/#\/schema\/person\/f5a2c2457bbca2391cced1648ef12bb4","name":"S\u00edlvia Barreiros","image":{"@type":"ImageObject","inLanguage":"pt-PT","@id":"https:\/\/secure.gravatar.com\/avatar\/d138b5f6307f48066cacee73fa9ab51260c8eac791d50ba43d827b08ca87e622?s=96&d=mm&r=g","url":"https:\/\/secure.gravatar.com\/avatar\/d138b5f6307f48066cacee73fa9ab51260c8eac791d50ba43d827b08ca87e622?s=96&d=mm&r=g","contentUrl":"https:\/\/secure.gravatar.com\/avatar\/d138b5f6307f48066cacee73fa9ab51260c8eac791d50ba43d827b08ca87e622?s=96&d=mm&r=g","caption":"S\u00edlvia Barreiros"},"url":"https:\/\/www.globaldata.pt\/blog\/author\/sbarreiros2\/"}]}},"_links":{"self":[{"href":"https:\/\/www.globaldata.pt\/blog\/wp-json\/wp\/v2\/posts\/7096","targetHints":{"allow":["GET"]}}],"collection":[{"href":"https:\/\/www.globaldata.pt\/blog\/wp-json\/wp\/v2\/posts"}],"about":[{"href":"https:\/\/www.globaldata.pt\/blog\/wp-json\/wp\/v2\/types\/post"}],"author":[{"embeddable":true,"href":"https:\/\/www.globaldata.pt\/blog\/wp-json\/wp\/v2\/users\/37"}],"replies":[{"embeddable":true,"href":"https:\/\/www.globaldata.pt\/blog\/wp-json\/wp\/v2\/comments?post=7096"}],"version-history":[{"count":1,"href":"https:\/\/www.globaldata.pt\/blog\/wp-json\/wp\/v2\/posts\/7096\/revisions"}],"predecessor-version":[{"id":7742,"href":"https:\/\/www.globaldata.pt\/blog\/wp-json\/wp\/v2\/posts\/7096\/revisions\/7742"}],"wp:featuredmedia":[{"embeddable":true,"href":"https:\/\/www.globaldata.pt\/blog\/wp-json\/wp\/v2\/media\/7106"}],"wp:attachment":[{"href":"https:\/\/www.globaldata.pt\/blog\/wp-json\/wp\/v2\/media?parent=7096"}],"wp:term":[{"taxonomy":"category","embeddable":true,"href":"https:\/\/www.globaldata.pt\/blog\/wp-json\/wp\/v2\/categories?post=7096"},{"taxonomy":"post_tag","embeddable":true,"href":"https:\/\/www.globaldata.pt\/blog\/wp-json\/wp\/v2\/tags?post=7096"}],"curies":[{"name":"wp","href":"https:\/\/api.w.org\/{rel}","templated":true}]}}