{"id":7185,"date":"2021-08-31T18:14:05","date_gmt":"2021-08-31T17:14:05","guid":{"rendered":"https:\/\/blog.globaldata.pt\/?p=7185"},"modified":"2024-11-25T17:06:43","modified_gmt":"2024-11-25T17:06:43","slug":"noblechairs-epic-compact-series-para-toda-a-familia","status":"publish","type":"post","link":"https:\/\/www.globaldata.pt\/blog\/noblechairs-epic-compact-series-para-toda-a-familia\/","title":{"rendered":"noblechairs EPIC Compact Series Para Toda a Fam\u00edlia"},"content":{"rendered":"\n<p>Chegou a vers\u00e3o compacta e EPIC da tua noblechairs. Agora em tamanhos ainda mais variados, toda a fam\u00edlia pode desfrutar do mesmo conforto e eleg\u00e2ncia a que a noblechairs j\u00e1 nos habitou.<\/p>\n\n\n\n<figure class=\"wp-block-image size-large\"><img decoding=\"async\" width=\"1178\" height=\"806\" src=\"https:\/\/blog.globaldata.pt\/wp-content\/uploads\/2021\/08\/1-1024x701.png\" alt=\"noblechairs Compact Series em preto e vermelho\" class=\"wp-image-7187\"\/ loading=\"lazy\" srcset=\"https:\/\/www.globaldata.pt\/blog\/wp-content\/uploads\/2021\/08\/1-1024x701.png 1024w, https:\/\/www.globaldata.pt\/blog\/wp-content\/uploads\/2021\/08\/1-300x205.png 300w, https:\/\/www.globaldata.pt\/blog\/wp-content\/uploads\/2021\/08\/1-768x525.png 768w, https:\/\/www.globaldata.pt\/blog\/wp-content\/uploads\/2021\/08\/1-462x316.png 462w, https:\/\/www.globaldata.pt\/blog\/wp-content\/uploads\/2021\/08\/1.png 1178w\" sizes=\"auto, (max-width: 1178px) 100vw, 1178px\" \/><\/figure>\n\n\n\n<p>Esta nova <a href=\"https:\/\/www.globaldata.pt\/?query=noblechairs%2520Compact\">noblechairs EPIC Compact Series<\/a> \u00e9 concebida para utilizadores de 1,25m a 1,70m com um m\u00e1ximo de 120kg. Assim sendo, \u00e9 perfeita para crian\u00e7as e para pessoas mais baixas. Portanto, todos l\u00e1 em casa podem usufruir da excel\u00eancia das cadeiras de <em>gaming<\/em> e escrit\u00f3rio da noblechairs.<\/p>\n\n\n\n<p>Tem um novo mecanismo de sincroniza\u00e7\u00e3o. Este permite maior personaliza\u00e7\u00e3o para que se adapte ainda mais a cada utilizador. As m\u00faltiplas caracter\u00edsticas ergon\u00f3micas e op\u00e7\u00f5es de ajuste asseguram o m\u00e1ximo de conforto e bem-estar.<\/p>\n\n\n\n<p>Para al\u00e9m dos j\u00e1 conhecidos atributos ergon\u00f3micos, a noblechairs EPIC Compact Series traz um inovador regulador da profundidade do assento. Assim, permite um maior apoio e assegura uma posi\u00e7\u00e3o ainda mais saud\u00e1vel. A press\u00e3o sobre as coxas \u00e9 aliviada, garantindo que as tuas costas ficam mais confort\u00e1veis. Tem ainda um mecanismo de bloqueio que impede que saias indesejadamente do teu lugar.<\/p>\n\n\n\n<h2 class=\"wp-block-heading\">noblechairs EPIC Compact Series para todos os gostos<\/h2>\n\n\n\n<p>A noblechairs EPIC Compact Series tem v\u00e1rios materiais dispon\u00edveis. O couro altamente sustent\u00e1vel tem uma composi\u00e7\u00e3o de 80% de materiais renov\u00e1veis e \u00e9 a escolha cl\u00e1ssica. Oferece uma superf\u00edcie <em>premium<\/em> mais elegante e f\u00e1cil de limpar e cuidar. Ainda para mais, a op\u00e7\u00e3o de couro tem v\u00e1rias cores para escolha.<\/p>\n\n\n\n<p>O elegante couro preto pode combinar com cor de carv\u00e3o, azul ou vermelho. Contudo, para os mais ousados h\u00e1 tamb\u00e9m a op\u00e7\u00e3o de tecido respir\u00e1vel da noblechairs. A superf\u00edcie de <a href=\"https:\/\/blog.globaldata.pt\/chegou-a-inovadora-tx-series-da-noblechairs\/\">antracite<\/a>, semelhante \u00e0 cor de grafite, combina o estilo cl\u00e1ssico das <a href=\"https:\/\/blog.globaldata.pt\/vencedores-european-hardware-awards-2021\/\">melhores cadeiras de <em>gaming<\/em> e escrit\u00f3rio<\/a> e a leveza do tecido.<\/p>\n\n\n\n<figure class=\"wp-block-image size-large\"><img decoding=\"async\" width=\"1189\" height=\"792\" src=\"https:\/\/blog.globaldata.pt\/wp-content\/uploads\/2021\/08\/2-1024x682.png\" alt=\"noblechairs EPIC Compact em antracite\" class=\"wp-image-7188\"\/ loading=\"lazy\" srcset=\"https:\/\/www.globaldata.pt\/blog\/wp-content\/uploads\/2021\/08\/2-1024x682.png 1024w, https:\/\/www.globaldata.pt\/blog\/wp-content\/uploads\/2021\/08\/2-300x200.png 300w, https:\/\/www.globaldata.pt\/blog\/wp-content\/uploads\/2021\/08\/2-768x512.png 768w, https:\/\/www.globaldata.pt\/blog\/wp-content\/uploads\/2021\/08\/2-462x308.png 462w, https:\/\/www.globaldata.pt\/blog\/wp-content\/uploads\/2021\/08\/2.png 1189w\" sizes=\"auto, (max-width: 1189px) 100vw, 1189px\" \/><\/figure>\n\n\n\n<p>Desta forma, com a EPIC Compact Series, toda a gente pode experienciar a eleg\u00e2ncia e o conforto oferecido pelas ic\u00f3nicas cadeiras.<\/p>\n\n\n\n<p>Agora para todas as idades, tamb\u00e9m as crian\u00e7as podem utiliz\u00e1-las, alargando ainda mais a variedade e a versatilidade da noblechairs.<\/p>\n","protected":false},"excerpt":{"rendered":"<p>Chegou a vers&atilde;o compacta e EPIC da tua noblechairs. Agora em tamanhos ainda mais variados, toda a fam&iacute;lia pode desfrutar do mesmo conforto e eleg&acirc;ncia a que a noblechairs j&aacute; nos habitou. Esta nova noblechairs EPIC Compact Series &eacute; concebida para utilizadores de 1,25m a 1,70m com um m&aacute;ximo de 120kg. Assim sendo, &eacute; perfeita [&hellip;]<\/p>\n","protected":false},"author":30,"featured_media":7204,"comment_status":"open","ping_status":"open","sticky":false,"template":"","format":"standard","meta":{"footnotes":""},"categories":[1451,1847],"tags":[1469,1497],"class_list":["post-7185","post","type-post","status-publish","format-standard","has-post-thumbnail","hentry","category-noticias","category-tudo","tag-noblechairs","tag-noticias"],"yoast_head":"<!-- This site is optimized with the Yoast SEO plugin v27.4 - https:\/\/yoast.com\/product\/yoast-seo-wordpress\/ -->\n<title>noblechairs EPIC Compact Series Para Toda a Fam\u00edlia - Globaldata Blog<\/title>\n<meta name=\"description\" content=\"Chegou a noblechairs EPIC Compact Series. A pensar nos mais novos, a nova vers\u00e3o d\u00e1 conforto e eleg\u00e2ncia a utilizadores entre 1,25m e 1,70m\" \/>\n<meta name=\"robots\" content=\"index, follow, max-snippet:-1, max-image-preview:large, max-video-preview:-1\" \/>\n<link rel=\"canonical\" href=\"https:\/\/www.globaldata.pt\/blog\/noblechairs-epic-compact-series-para-toda-a-familia\/\" \/>\n<meta property=\"og:locale\" content=\"pt_PT\" \/>\n<meta property=\"og:type\" content=\"article\" \/>\n<meta property=\"og:title\" content=\"noblechairs EPIC Compact Series Para Toda a Fam\u00edlia - Globaldata Blog\" \/>\n<meta property=\"og:description\" content=\"Chegou a noblechairs EPIC Compact Series. A pensar nos mais novos, a nova vers\u00e3o d\u00e1 conforto e eleg\u00e2ncia a utilizadores entre 1,25m e 1,70m\" \/>\n<meta property=\"og:url\" content=\"https:\/\/www.globaldata.pt\/blog\/noblechairs-epic-compact-series-para-toda-a-familia\/\" \/>\n<meta property=\"og:site_name\" content=\"Globaldata Blog\" \/>\n<meta property=\"article:published_time\" content=\"2021-08-31T17:14:05+00:00\" \/>\n<meta property=\"article:modified_time\" content=\"2024-11-25T17:06:43+00:00\" \/>\n<meta property=\"og:image\" content=\"https:\/\/www.globaldata.pt\/blog\/wp-content\/uploads\/2021\/08\/Capa-5.jpg\" \/>\n\t<meta property=\"og:image:width\" content=\"795\" \/>\n\t<meta property=\"og:image:height\" content=\"447\" \/>\n\t<meta property=\"og:image:type\" content=\"image\/jpeg\" \/>\n<meta name=\"author\" content=\"Cassilda Oliveira\" \/>\n<meta name=\"twitter:label1\" content=\"Escrito por\" \/>\n\t<meta name=\"twitter:data1\" content=\"Cassilda Oliveira\" \/>\n\t<meta name=\"twitter:label2\" content=\"Tempo estimado de leitura\" \/>\n\t<meta name=\"twitter:data2\" content=\"3 minutos\" \/>\n<!-- \/ Yoast SEO plugin. -->","yoast_head_json":{"title":"noblechairs EPIC Compact Series Para Toda a Fam\u00edlia - Globaldata Blog","description":"Chegou a noblechairs EPIC Compact Series. A pensar nos mais novos, a nova vers\u00e3o d\u00e1 conforto e eleg\u00e2ncia a utilizadores entre 1,25m e 1,70m","robots":{"index":"index","follow":"follow","max-snippet":"max-snippet:-1","max-image-preview":"max-image-preview:large","max-video-preview":"max-video-preview:-1"},"canonical":"https:\/\/www.globaldata.pt\/blog\/noblechairs-epic-compact-series-para-toda-a-familia\/","og_locale":"pt_PT","og_type":"article","og_title":"noblechairs EPIC Compact Series Para Toda a Fam\u00edlia - Globaldata Blog","og_description":"Chegou a noblechairs EPIC Compact Series. A pensar nos mais novos, a nova vers\u00e3o d\u00e1 conforto e eleg\u00e2ncia a utilizadores entre 1,25m e 1,70m","og_url":"https:\/\/www.globaldata.pt\/blog\/noblechairs-epic-compact-series-para-toda-a-familia\/","og_site_name":"Globaldata Blog","article_published_time":"2021-08-31T17:14:05+00:00","article_modified_time":"2024-11-25T17:06:43+00:00","og_image":[{"width":795,"height":447,"url":"https:\/\/www.globaldata.pt\/blog\/wp-content\/uploads\/2021\/08\/Capa-5.jpg","type":"image\/jpeg"}],"author":"Cassilda Oliveira","twitter_misc":{"Escrito por":"Cassilda Oliveira","Tempo estimado de leitura":"3 minutos"},"schema":{"@context":"https:\/\/schema.org","@graph":[{"@type":"Article","@id":"https:\/\/www.globaldata.pt\/blog\/noblechairs-epic-compact-series-para-toda-a-familia\/#article","isPartOf":{"@id":"https:\/\/www.globaldata.pt\/blog\/noblechairs-epic-compact-series-para-toda-a-familia\/"},"author":{"name":"Cassilda Oliveira","@id":"https:\/\/www.globaldata.pt\/blog\/#\/schema\/person\/44466622fe121741b3712cd205b60840"},"headline":"noblechairs EPIC Compact Series Para Toda a Fam\u00edlia","datePublished":"2021-08-31T17:14:05+00:00","dateModified":"2024-11-25T17:06:43+00:00","mainEntityOfPage":{"@id":"https:\/\/www.globaldata.pt\/blog\/noblechairs-epic-compact-series-para-toda-a-familia\/"},"wordCount":370,"commentCount":0,"publisher":{"@id":"https:\/\/www.globaldata.pt\/blog\/#organization"},"image":{"@id":"https:\/\/www.globaldata.pt\/blog\/noblechairs-epic-compact-series-para-toda-a-familia\/#primaryimage"},"thumbnailUrl":"https:\/\/www.globaldata.pt\/blog\/wp-content\/uploads\/2021\/08\/Capa-5.jpg","keywords":["noblechairs","Not\u00edcias"],"articleSection":["Not\u00edcias","Todos os Artigos"],"inLanguage":"pt-PT","potentialAction":[{"@type":"CommentAction","name":"Comment","target":["https:\/\/www.globaldata.pt\/blog\/noblechairs-epic-compact-series-para-toda-a-familia\/#respond"]}]},{"@type":"WebPage","@id":"https:\/\/www.globaldata.pt\/blog\/noblechairs-epic-compact-series-para-toda-a-familia\/","url":"https:\/\/www.globaldata.pt\/blog\/noblechairs-epic-compact-series-para-toda-a-familia\/","name":"noblechairs EPIC Compact Series Para Toda a Fam\u00edlia - Globaldata Blog","isPartOf":{"@id":"https:\/\/www.globaldata.pt\/blog\/#website"},"primaryImageOfPage":{"@id":"https:\/\/www.globaldata.pt\/blog\/noblechairs-epic-compact-series-para-toda-a-familia\/#primaryimage"},"image":{"@id":"https:\/\/www.globaldata.pt\/blog\/noblechairs-epic-compact-series-para-toda-a-familia\/#primaryimage"},"thumbnailUrl":"https:\/\/www.globaldata.pt\/blog\/wp-content\/uploads\/2021\/08\/Capa-5.jpg","datePublished":"2021-08-31T17:14:05+00:00","dateModified":"2024-11-25T17:06:43+00:00","description":"Chegou a noblechairs EPIC Compact Series. A pensar nos mais novos, a nova vers\u00e3o d\u00e1 conforto e eleg\u00e2ncia a utilizadores entre 1,25m e 1,70m","breadcrumb":{"@id":"https:\/\/www.globaldata.pt\/blog\/noblechairs-epic-compact-series-para-toda-a-familia\/#breadcrumb"},"inLanguage":"pt-PT","potentialAction":[{"@type":"ReadAction","target":["https:\/\/www.globaldata.pt\/blog\/noblechairs-epic-compact-series-para-toda-a-familia\/"]}]},{"@type":"ImageObject","inLanguage":"pt-PT","@id":"https:\/\/www.globaldata.pt\/blog\/noblechairs-epic-compact-series-para-toda-a-familia\/#primaryimage","url":"https:\/\/www.globaldata.pt\/blog\/wp-content\/uploads\/2021\/08\/Capa-5.jpg","contentUrl":"https:\/\/www.globaldata.pt\/blog\/wp-content\/uploads\/2021\/08\/Capa-5.jpg","width":795,"height":447},{"@type":"BreadcrumbList","@id":"https:\/\/www.globaldata.pt\/blog\/noblechairs-epic-compact-series-para-toda-a-familia\/#breadcrumb","itemListElement":[{"@type":"ListItem","position":1,"name":"P\u00e1gina inicial","item":"https:\/\/www.globaldata.pt\/blog\/"},{"@type":"ListItem","position":2,"name":"Not\u00edcias","item":"https:\/\/www.globaldata.pt\/blog\/category\/noticias\/"},{"@type":"ListItem","position":3,"name":"noblechairs EPIC Compact Series Para Toda a Fam\u00edlia"}]},{"@type":"WebSite","@id":"https:\/\/www.globaldata.pt\/blog\/#website","url":"https:\/\/www.globaldata.pt\/blog\/","name":"Globaldata Blog","description":"\u2013 Inform\u00e1tica e Tecnologia \u2013 Blog de not\u00edcias, dicas e an\u00e1lises sobre inform\u00e1tica e tecnologia - hardware, mobile e gaming.","publisher":{"@id":"https:\/\/www.globaldata.pt\/blog\/#organization"},"potentialAction":[{"@type":"SearchAction","target":{"@type":"EntryPoint","urlTemplate":"https:\/\/www.globaldata.pt\/blog\/?s={search_term_string}"},"query-input":{"@type":"PropertyValueSpecification","valueRequired":true,"valueName":"search_term_string"}}],"inLanguage":"pt-PT"},{"@type":"Organization","@id":"https:\/\/www.globaldata.pt\/blog\/#organization","name":"Caseking GmbH","url":"https:\/\/www.globaldata.pt\/blog\/","logo":{"@type":"ImageObject","inLanguage":"pt-PT","@id":"https:\/\/www.globaldata.pt\/blog\/#\/schema\/logo\/image\/","url":"","contentUrl":"","caption":"Caseking GmbH"},"image":{"@id":"https:\/\/www.globaldata.pt\/blog\/#\/schema\/logo\/image\/"}},{"@type":"Person","@id":"https:\/\/www.globaldata.pt\/blog\/#\/schema\/person\/44466622fe121741b3712cd205b60840","name":"Cassilda Oliveira","image":{"@type":"ImageObject","inLanguage":"pt-PT","@id":"https:\/\/secure.gravatar.com\/avatar\/9de5cc1ce6c610e7fcfc7f8e7708970941128ac2fbe9ccfcbe76ad9a8af9fe76?s=96&d=mm&r=g","url":"https:\/\/secure.gravatar.com\/avatar\/9de5cc1ce6c610e7fcfc7f8e7708970941128ac2fbe9ccfcbe76ad9a8af9fe76?s=96&d=mm&r=g","contentUrl":"https:\/\/secure.gravatar.com\/avatar\/9de5cc1ce6c610e7fcfc7f8e7708970941128ac2fbe9ccfcbe76ad9a8af9fe76?s=96&d=mm&r=g","caption":"Cassilda Oliveira"},"description":"Gamer desde os tempos da Sega Master System II, tendo o primeiro jogo sido o Sonic The Hedgehog. Ao longo dos anos estudou Design, Programa\u00e7\u00e3o, Videojogos e Anima\u00e7\u00e3o digital.","url":"https:\/\/www.globaldata.pt\/blog\/author\/aoliveira\/"}]}},"_links":{"self":[{"href":"https:\/\/www.globaldata.pt\/blog\/wp-json\/wp\/v2\/posts\/7185","targetHints":{"allow":["GET"]}}],"collection":[{"href":"https:\/\/www.globaldata.pt\/blog\/wp-json\/wp\/v2\/posts"}],"about":[{"href":"https:\/\/www.globaldata.pt\/blog\/wp-json\/wp\/v2\/types\/post"}],"author":[{"embeddable":true,"href":"https:\/\/www.globaldata.pt\/blog\/wp-json\/wp\/v2\/users\/30"}],"replies":[{"embeddable":true,"href":"https:\/\/www.globaldata.pt\/blog\/wp-json\/wp\/v2\/comments?post=7185"}],"version-history":[{"count":2,"href":"https:\/\/www.globaldata.pt\/blog\/wp-json\/wp\/v2\/posts\/7185\/revisions"}],"predecessor-version":[{"id":12453,"href":"https:\/\/www.globaldata.pt\/blog\/wp-json\/wp\/v2\/posts\/7185\/revisions\/12453"}],"wp:featuredmedia":[{"embeddable":true,"href":"https:\/\/www.globaldata.pt\/blog\/wp-json\/wp\/v2\/media\/7204"}],"wp:attachment":[{"href":"https:\/\/www.globaldata.pt\/blog\/wp-json\/wp\/v2\/media?parent=7185"}],"wp:term":[{"taxonomy":"category","embeddable":true,"href":"https:\/\/www.globaldata.pt\/blog\/wp-json\/wp\/v2\/categories?post=7185"},{"taxonomy":"post_tag","embeddable":true,"href":"https:\/\/www.globaldata.pt\/blog\/wp-json\/wp\/v2\/tags?post=7185"}],"curies":[{"name":"wp","href":"https:\/\/api.w.org\/{rel}","templated":true}]}}