{"id":7251,"date":"2021-09-07T17:05:16","date_gmt":"2021-09-07T16:05:16","guid":{"rendered":"https:\/\/blog.globaldata.pt\/?p=7251"},"modified":"2025-01-22T22:03:15","modified_gmt":"2025-01-22T22:03:15","slug":"windows-11-ja-tem-data-de-lancamento","status":"publish","type":"post","link":"https:\/\/www.globaldata.pt\/blog\/windows-11-ja-tem-data-de-lancamento\/","title":{"rendered":"Windows 11 J\u00e1 Tem Data de Lan\u00e7amento"},"content":{"rendered":"\n<p>O <a href=\"https:\/\/blog.globaldata.pt\/tudo-sobre-o-windows-11\/\">Windows 11<\/a> j\u00e1 tem data de lan\u00e7amento. No dia 5 de outubro, a Microsoft vai disponibilizar a atualiza\u00e7\u00e3o para os computadores compat\u00edveis. A empresa planeava lan\u00e7ar o Windows 11 no \u00faltimo trimestre do ano e n\u00e3o vacilou.<\/p>\n\n\n\n<figure class=\"wp-block-image size-full\"><img decoding=\"async\" width=\"868\" height=\"653\" src=\"https:\/\/blog.globaldata.pt\/wp-content\/uploads\/2021\/09\/Windows-11.png\" alt=\"Vis\u00e3o geral de um PC com Windows 11\" class=\"wp-image-7252\"\/ loading=\"lazy\" srcset=\"https:\/\/www.globaldata.pt\/blog\/wp-content\/uploads\/2021\/09\/Windows-11.png 868w, https:\/\/www.globaldata.pt\/blog\/wp-content\/uploads\/2021\/09\/Windows-11-300x226.png 300w, https:\/\/www.globaldata.pt\/blog\/wp-content\/uploads\/2021\/09\/Windows-11-768x578.png 768w, https:\/\/www.globaldata.pt\/blog\/wp-content\/uploads\/2021\/09\/Windows-11-462x348.png 462w\" sizes=\"auto, (max-width: 868px) 100vw, 868px\" \/><\/figure>\n\n\n\n<p>Assim sendo, a Microsoft j\u00e1 adiantou que os computadores habilitados \u00e0 atualiza\u00e7\u00e3o v\u00e3o ter suporte. Em princ\u00edpio, at\u00e9 final de 2022, todos ter\u00e3o o Windows 11 instalado. Os PC&#8217;s comprados a partir do dia 5 de outubro j\u00e1 v\u00eam com o Windows 11 pr\u00e9-instalado. Desta forma, os compradores podem estre\u00e1-lo em primeira m\u00e3o. <\/p>\n\n\n\n<p>Os utilizadores com <a href=\"https:\/\/www.globaldata.pt\/?query=windows%252010\">Windows 10<\/a> e computadores compat\u00edveis devem estar atentos \u00e0s notifica\u00e7\u00f5es do servi\u00e7o de Atualiza\u00e7\u00f5es. \u00c9 por l\u00e1 que ser\u00e3o avisados do <em>upgrade<\/em>.<\/p>\n\n\n\n<p>O maior entrave a esta mudan\u00e7a s\u00e3o os requisitos impostos pela Microsoft para se realizar a atualiza\u00e7\u00e3o. Muito possivelmente, computadores com mais de 4 anos n\u00e3o a v\u00e3o poder instalar e v\u00e3o assim ficar desprotegidos.<\/p>\n\n\n\n<p>Contudo, existe uma hip\u00f3tese de instala\u00e7\u00e3o para os PC\u2019s mais antigos. A Microsoft possibilita a cria\u00e7\u00e3o de um ficheiro virtual ISO para o Windows 11, permitindo a instala\u00e7\u00e3o manual.<\/p>\n\n\n\n<p>No entanto, este tipo de instala\u00e7\u00e3o n\u00e3o vai receber atualiza\u00e7\u00f5es pelo Windows Update. Os utilizadores v\u00e3o ter de as descarregar e instalar manualmente.<\/p>\n\n\n\n<figure class=\"wp-block-image size-large\"><img decoding=\"async\" width=\"1024\" height=\"606\" src=\"https:\/\/blog.globaldata.pt\/wp-content\/uploads\/2021\/09\/Display-1024x606.png\" alt=\"Display do novo Windows 11\" class=\"wp-image-7253\"\/ loading=\"lazy\" srcset=\"https:\/\/www.globaldata.pt\/blog\/wp-content\/uploads\/2021\/09\/Display-1024x606.png 1024w, https:\/\/www.globaldata.pt\/blog\/wp-content\/uploads\/2021\/09\/Display-300x177.png 300w, https:\/\/www.globaldata.pt\/blog\/wp-content\/uploads\/2021\/09\/Display-768x454.png 768w, https:\/\/www.globaldata.pt\/blog\/wp-content\/uploads\/2021\/09\/Display-462x273.png 462w, https:\/\/www.globaldata.pt\/blog\/wp-content\/uploads\/2021\/09\/Display.png 1075w\" sizes=\"auto, (max-width: 1024px) 100vw, 1024px\" \/><\/figure>\n\n\n\n<p>Por fim, \u00e9 claro que a Microsoft ainda pode fazer muitas altera\u00e7\u00f5es neste programa. Por enquanto as informa\u00e7\u00f5es que se avan\u00e7aram foram estas e devem manter-se pelo menos at\u00e9 ao final do ano. Apesar de tudo, j\u00e1 sabes que podes adquirir um <a href=\"https:\/\/www.globaldata.pt\/?query=computadores\">computador<\/a> compat\u00edvel com a atualiza\u00e7\u00e3o na nossa <a href=\"https:\/\/www.globaldata.pt\/\">loja<\/a> e ser dos primeiros a testar o novo Windows 11.<\/p>\n","protected":false},"excerpt":{"rendered":"<p>O Windows 11 j&aacute; tem data de lan&ccedil;amento. No dia 5 de outubro, a Microsoft vai disponibilizar a atualiza&ccedil;&atilde;o para os computadores compat&iacute;veis. A empresa planeava lan&ccedil;ar o Windows 11 no &uacute;ltimo trimestre do ano e n&atilde;o vacilou. Assim sendo, a Microsoft j&aacute; adiantou que os computadores habilitados &agrave; atualiza&ccedil;&atilde;o v&atilde;o ter suporte. Em princ&iacute;pio, [&hellip;]<\/p>\n","protected":false},"author":37,"featured_media":7537,"comment_status":"open","ping_status":"open","sticky":false,"template":"","format":"standard","meta":{"footnotes":""},"categories":[1451,1847],"tags":[1497],"class_list":["post-7251","post","type-post","status-publish","format-standard","has-post-thumbnail","hentry","category-noticias","category-tudo","tag-noticias"],"yoast_head":"<!-- This site is optimized with the Yoast SEO plugin v27.4 - https:\/\/yoast.com\/product\/yoast-seo-wordpress\/ -->\n<title>Windows 11 J\u00e1 Tem Data de Lan\u00e7amento - Globaldata Blog<\/title>\n<meta name=\"description\" content=\"O Windows 11 j\u00e1 tem data de lan\u00e7amento e \u00e9 j\u00e1 no dia 5 de outubro. Neste artigo avan\u00e7amos-te algumas informa\u00e7\u00f5es de como se deve proceder.\" \/>\n<meta name=\"robots\" content=\"index, follow, max-snippet:-1, max-image-preview:large, max-video-preview:-1\" \/>\n<link rel=\"canonical\" href=\"https:\/\/www.globaldata.pt\/blog\/windows-11-ja-tem-data-de-lancamento\/\" \/>\n<meta property=\"og:locale\" content=\"pt_PT\" \/>\n<meta property=\"og:type\" content=\"article\" \/>\n<meta property=\"og:title\" content=\"Windows 11 J\u00e1 Tem Data de Lan\u00e7amento - Globaldata Blog\" \/>\n<meta property=\"og:description\" content=\"O Windows 11 j\u00e1 tem data de lan\u00e7amento e \u00e9 j\u00e1 no dia 5 de outubro. Neste artigo avan\u00e7amos-te algumas informa\u00e7\u00f5es de como se deve proceder.\" \/>\n<meta property=\"og:url\" content=\"https:\/\/www.globaldata.pt\/blog\/windows-11-ja-tem-data-de-lancamento\/\" \/>\n<meta property=\"og:site_name\" content=\"Globaldata Blog\" \/>\n<meta property=\"article:published_time\" content=\"2021-09-07T16:05:16+00:00\" \/>\n<meta property=\"article:modified_time\" content=\"2025-01-22T22:03:15+00:00\" \/>\n<meta property=\"og:image\" content=\"https:\/\/www.globaldata.pt\/blog\/wp-content\/uploads\/2021\/09\/Microsoft-Windows11-FacebookPost.png\" \/>\n\t<meta property=\"og:image:width\" content=\"1080\" \/>\n\t<meta property=\"og:image:height\" content=\"1080\" \/>\n\t<meta property=\"og:image:type\" content=\"image\/png\" \/>\n<meta name=\"author\" content=\"S\u00edlvia Barreiros\" \/>\n<meta name=\"twitter:label1\" content=\"Escrito por\" \/>\n\t<meta name=\"twitter:data1\" content=\"S\u00edlvia Barreiros\" \/>\n\t<meta name=\"twitter:label2\" content=\"Tempo estimado de leitura\" \/>\n\t<meta name=\"twitter:data2\" content=\"3 minutos\" \/>\n<!-- \/ Yoast SEO plugin. -->","yoast_head_json":{"title":"Windows 11 J\u00e1 Tem Data de Lan\u00e7amento - Globaldata Blog","description":"O Windows 11 j\u00e1 tem data de lan\u00e7amento e \u00e9 j\u00e1 no dia 5 de outubro. Neste artigo avan\u00e7amos-te algumas informa\u00e7\u00f5es de como se deve proceder.","robots":{"index":"index","follow":"follow","max-snippet":"max-snippet:-1","max-image-preview":"max-image-preview:large","max-video-preview":"max-video-preview:-1"},"canonical":"https:\/\/www.globaldata.pt\/blog\/windows-11-ja-tem-data-de-lancamento\/","og_locale":"pt_PT","og_type":"article","og_title":"Windows 11 J\u00e1 Tem Data de Lan\u00e7amento - Globaldata Blog","og_description":"O Windows 11 j\u00e1 tem data de lan\u00e7amento e \u00e9 j\u00e1 no dia 5 de outubro. Neste artigo avan\u00e7amos-te algumas informa\u00e7\u00f5es de como se deve proceder.","og_url":"https:\/\/www.globaldata.pt\/blog\/windows-11-ja-tem-data-de-lancamento\/","og_site_name":"Globaldata Blog","article_published_time":"2021-09-07T16:05:16+00:00","article_modified_time":"2025-01-22T22:03:15+00:00","og_image":[{"width":1080,"height":1080,"url":"https:\/\/www.globaldata.pt\/blog\/wp-content\/uploads\/2021\/09\/Microsoft-Windows11-FacebookPost.png","type":"image\/png"}],"author":"S\u00edlvia Barreiros","twitter_misc":{"Escrito por":"S\u00edlvia Barreiros","Tempo estimado de leitura":"3 minutos"},"schema":{"@context":"https:\/\/schema.org","@graph":[{"@type":"Article","@id":"https:\/\/www.globaldata.pt\/blog\/windows-11-ja-tem-data-de-lancamento\/#article","isPartOf":{"@id":"https:\/\/www.globaldata.pt\/blog\/windows-11-ja-tem-data-de-lancamento\/"},"author":{"name":"S\u00edlvia Barreiros","@id":"https:\/\/www.globaldata.pt\/blog\/#\/schema\/person\/f5a2c2457bbca2391cced1648ef12bb4"},"headline":"Windows 11 J\u00e1 Tem Data de Lan\u00e7amento","datePublished":"2021-09-07T16:05:16+00:00","dateModified":"2025-01-22T22:03:15+00:00","mainEntityOfPage":{"@id":"https:\/\/www.globaldata.pt\/blog\/windows-11-ja-tem-data-de-lancamento\/"},"wordCount":295,"commentCount":1,"publisher":{"@id":"https:\/\/www.globaldata.pt\/blog\/#organization"},"image":{"@id":"https:\/\/www.globaldata.pt\/blog\/windows-11-ja-tem-data-de-lancamento\/#primaryimage"},"thumbnailUrl":"https:\/\/www.globaldata.pt\/blog\/wp-content\/uploads\/2021\/09\/Microsoft-Windows11-FacebookPost.png","keywords":["Not\u00edcias"],"articleSection":["Not\u00edcias","Todos os Artigos"],"inLanguage":"pt-PT","potentialAction":[{"@type":"CommentAction","name":"Comment","target":["https:\/\/www.globaldata.pt\/blog\/windows-11-ja-tem-data-de-lancamento\/#respond"]}]},{"@type":"WebPage","@id":"https:\/\/www.globaldata.pt\/blog\/windows-11-ja-tem-data-de-lancamento\/","url":"https:\/\/www.globaldata.pt\/blog\/windows-11-ja-tem-data-de-lancamento\/","name":"Windows 11 J\u00e1 Tem Data de Lan\u00e7amento - Globaldata Blog","isPartOf":{"@id":"https:\/\/www.globaldata.pt\/blog\/#website"},"primaryImageOfPage":{"@id":"https:\/\/www.globaldata.pt\/blog\/windows-11-ja-tem-data-de-lancamento\/#primaryimage"},"image":{"@id":"https:\/\/www.globaldata.pt\/blog\/windows-11-ja-tem-data-de-lancamento\/#primaryimage"},"thumbnailUrl":"https:\/\/www.globaldata.pt\/blog\/wp-content\/uploads\/2021\/09\/Microsoft-Windows11-FacebookPost.png","datePublished":"2021-09-07T16:05:16+00:00","dateModified":"2025-01-22T22:03:15+00:00","description":"O Windows 11 j\u00e1 tem data de lan\u00e7amento e \u00e9 j\u00e1 no dia 5 de outubro. Neste artigo avan\u00e7amos-te algumas informa\u00e7\u00f5es de como se deve proceder.","breadcrumb":{"@id":"https:\/\/www.globaldata.pt\/blog\/windows-11-ja-tem-data-de-lancamento\/#breadcrumb"},"inLanguage":"pt-PT","potentialAction":[{"@type":"ReadAction","target":["https:\/\/www.globaldata.pt\/blog\/windows-11-ja-tem-data-de-lancamento\/"]}]},{"@type":"ImageObject","inLanguage":"pt-PT","@id":"https:\/\/www.globaldata.pt\/blog\/windows-11-ja-tem-data-de-lancamento\/#primaryimage","url":"https:\/\/www.globaldata.pt\/blog\/wp-content\/uploads\/2021\/09\/Microsoft-Windows11-FacebookPost.png","contentUrl":"https:\/\/www.globaldata.pt\/blog\/wp-content\/uploads\/2021\/09\/Microsoft-Windows11-FacebookPost.png","width":1080,"height":1080},{"@type":"BreadcrumbList","@id":"https:\/\/www.globaldata.pt\/blog\/windows-11-ja-tem-data-de-lancamento\/#breadcrumb","itemListElement":[{"@type":"ListItem","position":1,"name":"P\u00e1gina inicial","item":"https:\/\/www.globaldata.pt\/blog\/"},{"@type":"ListItem","position":2,"name":"Not\u00edcias","item":"https:\/\/www.globaldata.pt\/blog\/category\/noticias\/"},{"@type":"ListItem","position":3,"name":"Windows 11 J\u00e1 Tem Data de Lan\u00e7amento"}]},{"@type":"WebSite","@id":"https:\/\/www.globaldata.pt\/blog\/#website","url":"https:\/\/www.globaldata.pt\/blog\/","name":"Globaldata Blog","description":"\u2013 Inform\u00e1tica e Tecnologia \u2013 Blog de not\u00edcias, dicas e an\u00e1lises sobre inform\u00e1tica e tecnologia - hardware, mobile e gaming.","publisher":{"@id":"https:\/\/www.globaldata.pt\/blog\/#organization"},"potentialAction":[{"@type":"SearchAction","target":{"@type":"EntryPoint","urlTemplate":"https:\/\/www.globaldata.pt\/blog\/?s={search_term_string}"},"query-input":{"@type":"PropertyValueSpecification","valueRequired":true,"valueName":"search_term_string"}}],"inLanguage":"pt-PT"},{"@type":"Organization","@id":"https:\/\/www.globaldata.pt\/blog\/#organization","name":"Caseking GmbH","url":"https:\/\/www.globaldata.pt\/blog\/","logo":{"@type":"ImageObject","inLanguage":"pt-PT","@id":"https:\/\/www.globaldata.pt\/blog\/#\/schema\/logo\/image\/","url":"","contentUrl":"","caption":"Caseking GmbH"},"image":{"@id":"https:\/\/www.globaldata.pt\/blog\/#\/schema\/logo\/image\/"}},{"@type":"Person","@id":"https:\/\/www.globaldata.pt\/blog\/#\/schema\/person\/f5a2c2457bbca2391cced1648ef12bb4","name":"S\u00edlvia Barreiros","image":{"@type":"ImageObject","inLanguage":"pt-PT","@id":"https:\/\/secure.gravatar.com\/avatar\/d138b5f6307f48066cacee73fa9ab51260c8eac791d50ba43d827b08ca87e622?s=96&d=mm&r=g","url":"https:\/\/secure.gravatar.com\/avatar\/d138b5f6307f48066cacee73fa9ab51260c8eac791d50ba43d827b08ca87e622?s=96&d=mm&r=g","contentUrl":"https:\/\/secure.gravatar.com\/avatar\/d138b5f6307f48066cacee73fa9ab51260c8eac791d50ba43d827b08ca87e622?s=96&d=mm&r=g","caption":"S\u00edlvia Barreiros"},"url":"https:\/\/www.globaldata.pt\/blog\/author\/sbarreiros2\/"}]}},"_links":{"self":[{"href":"https:\/\/www.globaldata.pt\/blog\/wp-json\/wp\/v2\/posts\/7251","targetHints":{"allow":["GET"]}}],"collection":[{"href":"https:\/\/www.globaldata.pt\/blog\/wp-json\/wp\/v2\/posts"}],"about":[{"href":"https:\/\/www.globaldata.pt\/blog\/wp-json\/wp\/v2\/types\/post"}],"author":[{"embeddable":true,"href":"https:\/\/www.globaldata.pt\/blog\/wp-json\/wp\/v2\/users\/37"}],"replies":[{"embeddable":true,"href":"https:\/\/www.globaldata.pt\/blog\/wp-json\/wp\/v2\/comments?post=7251"}],"version-history":[{"count":1,"href":"https:\/\/www.globaldata.pt\/blog\/wp-json\/wp\/v2\/posts\/7251\/revisions"}],"predecessor-version":[{"id":7741,"href":"https:\/\/www.globaldata.pt\/blog\/wp-json\/wp\/v2\/posts\/7251\/revisions\/7741"}],"wp:featuredmedia":[{"embeddable":true,"href":"https:\/\/www.globaldata.pt\/blog\/wp-json\/wp\/v2\/media\/7537"}],"wp:attachment":[{"href":"https:\/\/www.globaldata.pt\/blog\/wp-json\/wp\/v2\/media?parent=7251"}],"wp:term":[{"taxonomy":"category","embeddable":true,"href":"https:\/\/www.globaldata.pt\/blog\/wp-json\/wp\/v2\/categories?post=7251"},{"taxonomy":"post_tag","embeddable":true,"href":"https:\/\/www.globaldata.pt\/blog\/wp-json\/wp\/v2\/tags?post=7251"}],"curies":[{"name":"wp","href":"https:\/\/api.w.org\/{rel}","templated":true}]}}