{"id":9617,"date":"2022-09-08T18:15:14","date_gmt":"2022-09-08T17:15:14","guid":{"rendered":"https:\/\/blog-globaldata-production-alb-509969988.eu-central-1.elb.amazonaws.com\/?p=9617"},"modified":"2025-01-22T21:46:12","modified_gmt":"2025-01-22T21:46:12","slug":"processadores-amd-ryzen-7000-chega-este-mes","status":"publish","type":"post","link":"https:\/\/www.globaldata.pt\/blog\/processadores-amd-ryzen-7000-chega-este-mes\/","title":{"rendered":"Processadores AMD Ryzen 7000 Chegam Este M\u00eas"},"content":{"rendered":"\n<p>No dia 30 de agosto, Lisa Su anunciou not\u00edcias muito importantes. A s\u00e9rie de <a href=\"https:\/\/www.globaldata.pt\/componentes\/processadores\" target=\"_blank\" rel=\"noreferrer noopener\">processadores<\/a> <a href=\"https:\/\/www.globaldata.pt\/componentes\/processadores?manufacturer%5B0%5D=AMD\" target=\"_blank\" rel=\"noreferrer noopener\">AMD<\/a> Ryzen 7000 est\u00e1 a caminho. A nossa equipa aguarda ansiosamente pela nova gera\u00e7\u00e3o de processadores e tu tamb\u00e9m deves estar em pulgas. Por isso, vamos mostrar os principais destaques do an\u00fancio.<\/p>\n\n\n\n<figure class=\"wp-block-image size-full\"><img decoding=\"async\" width=\"579\" height=\"362\" src=\"https:\/\/www.globaldata.pt\/blog\/wp-content\/uploads\/2022\/09\/1.png.webp\" alt=\"Imagem do an\u00fancio dos processadores AMD Ryzen 7000\" class=\"wp-image-9631\"\/ loading=\"lazy\" srcset=\"https:\/\/www.globaldata.pt\/blog\/wp-content\/uploads\/2022\/09\/1.png 579w, https:\/\/www.globaldata.pt\/blog\/wp-content\/uploads\/2022\/09\/1-300x188.png 300w, https:\/\/www.globaldata.pt\/blog\/wp-content\/uploads\/2022\/09\/1-462x289.png 462w\" sizes=\"auto, (max-width: 579px) 100vw, 579px\" \/><\/figure>\n\n\n\n<p>Vamos diretamente \u00e0 melhor parte: os produtos que v\u00e3o ser lan\u00e7ados. A s\u00e9rie de processadores AMD Ryzen 7000 \u00e9 composta por quatro CPUs. Dois Ryzen 9, mas tamb\u00e9m um Ryzen 7 e um Ryzen 5. Todos eles otimizados para <em>gaming<\/em> e cria\u00e7\u00e3o de conte\u00fados.<\/p>\n\n\n\n<h2 class=\"wp-block-heading\"><strong>Performance dos AMD Ryzen 7000<\/strong><\/h2>\n\n\n\n<p>De forma muito simplificada, aqui est\u00e3o as estat\u00edsticas conhecidas dos quatro processadores:<\/p>\n\n\n\n<figure class=\"wp-block-table\"><table><tbody><tr><td class=\"has-text-align-center\" data-align=\"center\">Processador<br><br><\/td><td class=\"has-text-align-center\" data-align=\"center\">Cores \/ Threads<\/td><td class=\"has-text-align-center\" data-align=\"center\">Velocidades de Clock<\/td><td class=\"has-text-align-center\" data-align=\"center\">Cache L2 + L3<\/td><td class=\"has-text-align-center\" data-align=\"center\">TDP<\/td><\/tr><tr><td class=\"has-text-align-center\" data-align=\"center\">Ryzen 9 7950X<br><br><\/td><td class=\"has-text-align-center\" data-align=\"center\">16 \/ 32<\/td><td class=\"has-text-align-center\" data-align=\"center\">At\u00e9 5.7GHz<\/td><td class=\"has-text-align-center\" data-align=\"center\">80MB<\/td><td class=\"has-text-align-center\" data-align=\"center\">170W<\/td><\/tr><tr><td class=\"has-text-align-center\" data-align=\"center\">Ryzen 9 7900X<br><br><\/td><td class=\"has-text-align-center\" data-align=\"center\">12 \/ 24<\/td><td class=\"has-text-align-center\" data-align=\"center\">At\u00e9 5.6GHz<\/td><td class=\"has-text-align-center\" data-align=\"center\">76MB<\/td><td class=\"has-text-align-center\" data-align=\"center\">170W<\/td><\/tr><tr><td class=\"has-text-align-center\" data-align=\"center\">Ryzen 7 7700X<br><br><\/td><td class=\"has-text-align-center\" data-align=\"center\">8 \/ 16<\/td><td class=\"has-text-align-center\" data-align=\"center\">At\u00e9 5.4GHz<\/td><td class=\"has-text-align-center\" data-align=\"center\">40MB<\/td><td class=\"has-text-align-center\" data-align=\"center\">105W<\/td><\/tr><tr><td class=\"has-text-align-center\" data-align=\"center\">Ryzen 5 7600X<br><br><\/td><td class=\"has-text-align-center\" data-align=\"center\">6 \/ 12<\/td><td class=\"has-text-align-center\" data-align=\"center\">At\u00e9 5.3GHz<\/td><td class=\"has-text-align-center\" data-align=\"center\">38MB<\/td><td class=\"has-text-align-center\" data-align=\"center\">105W<\/td><\/tr><\/tbody><\/table><\/figure>\n\n\n\n<p>Assim, conseguimos ver os fant\u00e1sticos detalhes da s\u00e9rie 7000. Todas as performances de <em>core<\/em> foram aumentadas para valores acima dos 5.0GHz e a <em>cache<\/em> foi melhorada &#8211; estas s\u00e3o apenas algumas atualiza\u00e7\u00f5es. Em modo geral, h\u00e1 melhorias de mais ou menos 13% em IPC em rela\u00e7\u00e3o \u00e0 gera\u00e7\u00e3o anterior.<\/p>\n\n\n\n<p>Isto deve-se sobretudo \u00e0 arquitetura de 5nm. O tamanho pode ter diminu\u00eddo 18%, mas o <em>design<\/em> foi atualizado para melhorar a performance e a efici\u00eancia energ\u00e9tica.<\/p>\n\n\n\n<h2 class=\"wp-block-heading\"><strong>Performance <em>Single Thread <\/em>Mais Veloz<\/strong><\/h2>\n\n\n\n<p>Sendo os processadores mais recentes do mercado, n\u00e3o admira que a s\u00e9rie AMD Ryzen 7000 seja extremamente veloz e ultrapasse os seus antecessores por uma margem significativa. No entanto, \u00e9 preciso clarificar a modalidade de cada CPU. Aqui fica um breve esclarecimento sobre cada processador e para que serve.<\/p>\n\n\n\n<ul class=\"wp-block-list\"><li>Ryzen 9 7950X: Este CPU topo de gama \u00e9 concebido para proporcionar a melhor performance a <em>gamers<\/em> e criadores de conte\u00fado. Em m\u00e9dia, h\u00e1 melhorias de 15% e 40% em <em>gaming<\/em> e cria\u00e7\u00e3o, respetivamente. Com 16 <em>cores<\/em> e 32<em> threads<\/em> com tecnologia SMT, a AMD descreve este processador como o melhor processador \u201c<em>do-it-all<\/em>\u201d.<\/li><li>Ryzen 9 7900X: Assim como o anterior, este CPU situa-se no topo da gama da s\u00e9rie Ryzen 7000. Este processador \u00e9 perfeito para <em>gamers<\/em> que tamb\u00e9m criem conte\u00fados em segundo plano.<\/li><li>Ryzen 7 7700X: Na gama m\u00e9dia, o processador Ryzen 7 7700X destaca-se nos jogos AAA. Oferece uma excelente rela\u00e7\u00e3o de qualidade e pre\u00e7o.<\/li><li>Ryzen 5 7600X: Este processador \u00e9 o mais acess\u00edvel dos quatro. \u00c9 ideal para jogos <em>mainstream<\/em>. Apesar do n\u00famero reduzido de <em>cores<\/em> e <em>threads<\/em>, consegue obter uma boa performance <em>gaming<\/em>.<\/li><\/ul>\n\n\n\n<h2 class=\"wp-block-heading\"><strong>Natureza Futurista<\/strong><\/h2>\n\n\n\n<p>Um dos grandes destaques do an\u00fancio da AMD \u00e9 a natureza futurista da Zen 4 e AM5. O facto de se poder adquirir estas tecnologias e ainda assim utiliz\u00e1-las para fazer <em>upgrades<\/em> no futuro \u00e9 algo muito atrativo.<\/p>\n\n\n\n<h2 class=\"wp-block-heading\"><strong>Caracter\u00edsticas dos Processadores AMD Ryzen 7000<\/strong><\/h2>\n\n\n\n<p>Aqui ficam as principais caracter\u00edsticas da s\u00e9rie Ryzen 7000 num \u00e1pice:<\/p>\n\n\n\n<ul class=\"wp-block-list\"><li>Suporte para mem\u00f3rias DDR5<\/li><li>Gr\u00e1ficos e armazenamento em PCIe 5.0<\/li><li>Novo <em>software<\/em> de <em>overclocking<\/em> AMD EXPO<\/li><\/ul>\n\n\n\n<p>Est\u00e1&nbsp; a tornar-se evidente que as <a href=\"https:\/\/www.globaldata.pt\/componentes\/memorias\/ddr4\" target=\"_blank\" rel=\"noreferrer noopener\">mem\u00f3rias DDR4<\/a> j\u00e1 percorreram o seu caminho. Por isso, as rec\u00e9m chegadas <a href=\"https:\/\/www.globaldata.pt\/componentes\/memorias\/ddr5\" target=\"_blank\" rel=\"noreferrer noopener\">DDR5<\/a> est\u00e3o a crescer al\u00e9m das suas capacidades atuais. Os processadores da s\u00e9rie AMD Ryzen 7000 j\u00e1 suportam as novas mem\u00f3rias. Al\u00e9m disso, a AMD desenvolveu um novo <em>software<\/em> para <em>overclocking<\/em>: o AMD EXPO. Isto permite fazer <em>overclocking<\/em> apenas num clique para que a lat\u00eancia reduza e o <em>gaming<\/em> fique ainda melhor.<\/p>\n\n\n\n<p>Adicionalmente, os processadores t\u00eam capacidade para dispositivos de gr\u00e1ficos e armazenamento PCIe 5.0. Os SSDs PCIe 5.0 est\u00e3o a caminho e ningu\u00e9m quer ficar para tr\u00e1s.<\/p>\n\n\n\n<h2 class=\"wp-block-heading\"><strong>Quando \u00e9 que os CPUs AMD Ryzen 7000 S\u00e3o Lan\u00e7ados?<\/strong><\/h2>\n\n\n\n<p>Por fim, a grande quest\u00e3o. Quando \u00e9 que vamos ver estes processadores dispon\u00edveis para compra? Mais cedo do que possas esperar. Marca o dia 27 de setembro na tua agenda porque a\u00ed vais poder fazer um <em>upgrade<\/em> muito significativo ao teu sistema.<\/p>\n\n\n\n<p>Ao mesmo tempo, ser\u00e3o lan\u00e7adas as <em>motherboards<\/em> X-Series, com <em>socket<\/em> AM5 e <em>chipset<\/em> X670, assim como 15 <em>kits<\/em> de RAM DDR5 com AMD EXPO. Este lan\u00e7amento vai demorar um pouco mais &#8211; est\u00e1 previsto para outubro.<\/p>\n\n\n\n<h2 class=\"wp-block-heading\"><strong>At\u00e9 L\u00e1\u2026<\/strong><\/h2>\n\n\n\n<p>Enquanto esperamos ansiosamente pelos novos CPUs, podemos rever o <a href=\"https:\/\/www.youtube.com\/watch?v=WcH_7xsYtUk\" target=\"_blank\" rel=\"noreferrer noopener\">an\u00fancio<\/a> e imaginar a pot\u00eancia com que o teu computador vai trabalhar. Est\u00e1s empolgado com este lan\u00e7amento? Diz-nos nos coment\u00e1rios.<\/p>\n","protected":false},"excerpt":{"rendered":"<p>No dia 30 de agosto, Lisa Su anunciou not&iacute;cias muito importantes. A s&eacute;rie de processadores AMD Ryzen 7000 est&aacute; a caminho. A nossa equipa aguarda ansiosamente pela nova gera&ccedil;&atilde;o de processadores e tu tamb&eacute;m deves estar em pulgas. Por isso, vamos mostrar os principais destaques do an&uacute;ncio. Vamos diretamente &agrave; melhor parte: os produtos que [&hellip;]<\/p>\n","protected":false},"author":37,"featured_media":9738,"comment_status":"open","ping_status":"open","sticky":false,"template":"","format":"standard","meta":{"footnotes":""},"categories":[1451,1463,1847],"tags":[1453,1577,1499,1579,1497],"class_list":["post-9617","post","type-post","status-publish","format-standard","has-post-thumbnail","hentry","category-noticias","category-featured-big","category-tudo","tag-amd","tag-computadores","tag-gaming","tag-hardware","tag-noticias"],"yoast_head":"<!-- This site is optimized with the Yoast SEO plugin v27.4 - https:\/\/yoast.com\/product\/yoast-seo-wordpress\/ -->\n<title>Processadores AMD Ryzen 7000 Chegam Este M\u00eas - Globaldata Blog<\/title>\n<meta name=\"description\" content=\"Novidades empolgantes por parte da AMD! L\u00ea o nosso artigo e descobre tudo sobre os processadores da nova gera\u00e7\u00e3o AMD Ryzen 7000.\" \/>\n<meta name=\"robots\" content=\"index, follow, max-snippet:-1, max-image-preview:large, max-video-preview:-1\" \/>\n<link rel=\"canonical\" href=\"https:\/\/www.globaldata.pt\/blog\/processadores-amd-ryzen-7000-chega-este-mes\/\" \/>\n<meta property=\"og:locale\" content=\"pt_PT\" \/>\n<meta property=\"og:type\" content=\"article\" \/>\n<meta property=\"og:title\" content=\"Processadores AMD Ryzen 7000 Chegam Este M\u00eas - Globaldata Blog\" \/>\n<meta property=\"og:description\" content=\"Novidades empolgantes por parte da AMD! L\u00ea o nosso artigo e descobre tudo sobre os processadores da nova gera\u00e7\u00e3o AMD Ryzen 7000.\" \/>\n<meta property=\"og:url\" content=\"https:\/\/www.globaldata.pt\/blog\/processadores-amd-ryzen-7000-chega-este-mes\/\" \/>\n<meta property=\"og:site_name\" content=\"Globaldata Blog\" \/>\n<meta property=\"article:published_time\" content=\"2022-09-08T17:15:14+00:00\" \/>\n<meta property=\"article:modified_time\" content=\"2025-01-22T21:46:12+00:00\" \/>\n<meta property=\"og:image\" content=\"https:\/\/www.globaldata.pt\/blog\/wp-content\/uploads\/2022\/09\/Capa-3.jpg\" \/>\n\t<meta property=\"og:image:width\" content=\"828\" \/>\n\t<meta property=\"og:image:height\" content=\"824\" \/>\n\t<meta property=\"og:image:type\" content=\"image\/jpeg\" \/>\n<meta name=\"author\" content=\"S\u00edlvia Barreiros\" \/>\n<meta name=\"twitter:label1\" content=\"Escrito por\" \/>\n\t<meta name=\"twitter:data1\" content=\"S\u00edlvia Barreiros\" \/>\n\t<meta name=\"twitter:label2\" content=\"Tempo estimado de leitura\" \/>\n\t<meta name=\"twitter:data2\" content=\"5 minutos\" \/>\n<!-- \/ Yoast SEO plugin. -->","yoast_head_json":{"title":"Processadores AMD Ryzen 7000 Chegam Este M\u00eas - Globaldata Blog","description":"Novidades empolgantes por parte da AMD! L\u00ea o nosso artigo e descobre tudo sobre os processadores da nova gera\u00e7\u00e3o AMD Ryzen 7000.","robots":{"index":"index","follow":"follow","max-snippet":"max-snippet:-1","max-image-preview":"max-image-preview:large","max-video-preview":"max-video-preview:-1"},"canonical":"https:\/\/www.globaldata.pt\/blog\/processadores-amd-ryzen-7000-chega-este-mes\/","og_locale":"pt_PT","og_type":"article","og_title":"Processadores AMD Ryzen 7000 Chegam Este M\u00eas - Globaldata Blog","og_description":"Novidades empolgantes por parte da AMD! L\u00ea o nosso artigo e descobre tudo sobre os processadores da nova gera\u00e7\u00e3o AMD Ryzen 7000.","og_url":"https:\/\/www.globaldata.pt\/blog\/processadores-amd-ryzen-7000-chega-este-mes\/","og_site_name":"Globaldata Blog","article_published_time":"2022-09-08T17:15:14+00:00","article_modified_time":"2025-01-22T21:46:12+00:00","og_image":[{"width":828,"height":824,"url":"https:\/\/www.globaldata.pt\/blog\/wp-content\/uploads\/2022\/09\/Capa-3.jpg","type":"image\/jpeg"}],"author":"S\u00edlvia Barreiros","twitter_misc":{"Escrito por":"S\u00edlvia Barreiros","Tempo estimado de leitura":"5 minutos"},"schema":{"@context":"https:\/\/schema.org","@graph":[{"@type":"Article","@id":"https:\/\/www.globaldata.pt\/blog\/processadores-amd-ryzen-7000-chega-este-mes\/#article","isPartOf":{"@id":"https:\/\/www.globaldata.pt\/blog\/processadores-amd-ryzen-7000-chega-este-mes\/"},"author":{"name":"S\u00edlvia Barreiros","@id":"https:\/\/www.globaldata.pt\/blog\/#\/schema\/person\/f5a2c2457bbca2391cced1648ef12bb4"},"headline":"Processadores AMD Ryzen 7000 Chegam Este M\u00eas","datePublished":"2022-09-08T17:15:14+00:00","dateModified":"2025-01-22T21:46:12+00:00","mainEntityOfPage":{"@id":"https:\/\/www.globaldata.pt\/blog\/processadores-amd-ryzen-7000-chega-este-mes\/"},"wordCount":727,"commentCount":2,"publisher":{"@id":"https:\/\/www.globaldata.pt\/blog\/#organization"},"image":{"@id":"https:\/\/www.globaldata.pt\/blog\/processadores-amd-ryzen-7000-chega-este-mes\/#primaryimage"},"thumbnailUrl":"https:\/\/www.globaldata.pt\/blog\/wp-content\/uploads\/2022\/09\/Capa-3.jpg","keywords":["amd","Computadores","Gaming","Hardware","Not\u00edcias"],"articleSection":["Not\u00edcias","Posts em destaque","Todos os Artigos"],"inLanguage":"pt-PT","potentialAction":[{"@type":"CommentAction","name":"Comment","target":["https:\/\/www.globaldata.pt\/blog\/processadores-amd-ryzen-7000-chega-este-mes\/#respond"]}]},{"@type":"WebPage","@id":"https:\/\/www.globaldata.pt\/blog\/processadores-amd-ryzen-7000-chega-este-mes\/","url":"https:\/\/www.globaldata.pt\/blog\/processadores-amd-ryzen-7000-chega-este-mes\/","name":"Processadores AMD Ryzen 7000 Chegam Este M\u00eas - Globaldata Blog","isPartOf":{"@id":"https:\/\/www.globaldata.pt\/blog\/#website"},"primaryImageOfPage":{"@id":"https:\/\/www.globaldata.pt\/blog\/processadores-amd-ryzen-7000-chega-este-mes\/#primaryimage"},"image":{"@id":"https:\/\/www.globaldata.pt\/blog\/processadores-amd-ryzen-7000-chega-este-mes\/#primaryimage"},"thumbnailUrl":"https:\/\/www.globaldata.pt\/blog\/wp-content\/uploads\/2022\/09\/Capa-3.jpg","datePublished":"2022-09-08T17:15:14+00:00","dateModified":"2025-01-22T21:46:12+00:00","description":"Novidades empolgantes por parte da AMD! L\u00ea o nosso artigo e descobre tudo sobre os processadores da nova gera\u00e7\u00e3o AMD Ryzen 7000.","breadcrumb":{"@id":"https:\/\/www.globaldata.pt\/blog\/processadores-amd-ryzen-7000-chega-este-mes\/#breadcrumb"},"inLanguage":"pt-PT","potentialAction":[{"@type":"ReadAction","target":["https:\/\/www.globaldata.pt\/blog\/processadores-amd-ryzen-7000-chega-este-mes\/"]}]},{"@type":"ImageObject","inLanguage":"pt-PT","@id":"https:\/\/www.globaldata.pt\/blog\/processadores-amd-ryzen-7000-chega-este-mes\/#primaryimage","url":"https:\/\/www.globaldata.pt\/blog\/wp-content\/uploads\/2022\/09\/Capa-3.jpg","contentUrl":"https:\/\/www.globaldata.pt\/blog\/wp-content\/uploads\/2022\/09\/Capa-3.jpg","width":828,"height":824},{"@type":"BreadcrumbList","@id":"https:\/\/www.globaldata.pt\/blog\/processadores-amd-ryzen-7000-chega-este-mes\/#breadcrumb","itemListElement":[{"@type":"ListItem","position":1,"name":"P\u00e1gina inicial","item":"https:\/\/www.globaldata.pt\/blog\/"},{"@type":"ListItem","position":2,"name":"Not\u00edcias","item":"https:\/\/www.globaldata.pt\/blog\/category\/noticias\/"},{"@type":"ListItem","position":3,"name":"Processadores AMD Ryzen 7000 Chegam Este M\u00eas"}]},{"@type":"WebSite","@id":"https:\/\/www.globaldata.pt\/blog\/#website","url":"https:\/\/www.globaldata.pt\/blog\/","name":"Globaldata Blog","description":"\u2013 Inform\u00e1tica e Tecnologia \u2013 Blog de not\u00edcias, dicas e an\u00e1lises sobre inform\u00e1tica e tecnologia - hardware, mobile e gaming.","publisher":{"@id":"https:\/\/www.globaldata.pt\/blog\/#organization"},"potentialAction":[{"@type":"SearchAction","target":{"@type":"EntryPoint","urlTemplate":"https:\/\/www.globaldata.pt\/blog\/?s={search_term_string}"},"query-input":{"@type":"PropertyValueSpecification","valueRequired":true,"valueName":"search_term_string"}}],"inLanguage":"pt-PT"},{"@type":"Organization","@id":"https:\/\/www.globaldata.pt\/blog\/#organization","name":"Caseking GmbH","url":"https:\/\/www.globaldata.pt\/blog\/","logo":{"@type":"ImageObject","inLanguage":"pt-PT","@id":"https:\/\/www.globaldata.pt\/blog\/#\/schema\/logo\/image\/","url":"","contentUrl":"","caption":"Caseking GmbH"},"image":{"@id":"https:\/\/www.globaldata.pt\/blog\/#\/schema\/logo\/image\/"}},{"@type":"Person","@id":"https:\/\/www.globaldata.pt\/blog\/#\/schema\/person\/f5a2c2457bbca2391cced1648ef12bb4","name":"S\u00edlvia Barreiros","image":{"@type":"ImageObject","inLanguage":"pt-PT","@id":"https:\/\/secure.gravatar.com\/avatar\/d138b5f6307f48066cacee73fa9ab51260c8eac791d50ba43d827b08ca87e622?s=96&d=mm&r=g","url":"https:\/\/secure.gravatar.com\/avatar\/d138b5f6307f48066cacee73fa9ab51260c8eac791d50ba43d827b08ca87e622?s=96&d=mm&r=g","contentUrl":"https:\/\/secure.gravatar.com\/avatar\/d138b5f6307f48066cacee73fa9ab51260c8eac791d50ba43d827b08ca87e622?s=96&d=mm&r=g","caption":"S\u00edlvia Barreiros"},"url":"https:\/\/www.globaldata.pt\/blog\/author\/sbarreiros2\/"}]}},"_links":{"self":[{"href":"https:\/\/www.globaldata.pt\/blog\/wp-json\/wp\/v2\/posts\/9617","targetHints":{"allow":["GET"]}}],"collection":[{"href":"https:\/\/www.globaldata.pt\/blog\/wp-json\/wp\/v2\/posts"}],"about":[{"href":"https:\/\/www.globaldata.pt\/blog\/wp-json\/wp\/v2\/types\/post"}],"author":[{"embeddable":true,"href":"https:\/\/www.globaldata.pt\/blog\/wp-json\/wp\/v2\/users\/37"}],"replies":[{"embeddable":true,"href":"https:\/\/www.globaldata.pt\/blog\/wp-json\/wp\/v2\/comments?post=9617"}],"version-history":[{"count":17,"href":"https:\/\/www.globaldata.pt\/blog\/wp-json\/wp\/v2\/posts\/9617\/revisions"}],"predecessor-version":[{"id":9739,"href":"https:\/\/www.globaldata.pt\/blog\/wp-json\/wp\/v2\/posts\/9617\/revisions\/9739"}],"wp:featuredmedia":[{"embeddable":true,"href":"https:\/\/www.globaldata.pt\/blog\/wp-json\/wp\/v2\/media\/9738"}],"wp:attachment":[{"href":"https:\/\/www.globaldata.pt\/blog\/wp-json\/wp\/v2\/media?parent=9617"}],"wp:term":[{"taxonomy":"category","embeddable":true,"href":"https:\/\/www.globaldata.pt\/blog\/wp-json\/wp\/v2\/categories?post=9617"},{"taxonomy":"post_tag","embeddable":true,"href":"https:\/\/www.globaldata.pt\/blog\/wp-json\/wp\/v2\/tags?post=9617"}],"curies":[{"name":"wp","href":"https:\/\/api.w.org\/{rel}","templated":true}]}}